{"id":3731,"date":"2024-03-08T11:10:40","date_gmt":"2024-03-08T16:10:40","guid":{"rendered":"https:\/\/lifefm.ec\/?p=3731"},"modified":"2024-03-08T11:10:40","modified_gmt":"2024-03-08T16:10:40","slug":"fidel-martinez-no-va-mas-en-barcelona-sc-y-se-suma-a-las-filas-de-el-nacional","status":"publish","type":"post","link":"https:\/\/lifefm.ec\/index.php\/2024\/03\/08\/fidel-martinez-no-va-mas-en-barcelona-sc-y-se-suma-a-las-filas-de-el-nacional\/","title":{"rendered":"FIDEL MART\u00cdNEZ NO VA M\u00c1S EN BARCELONA SC Y SE SUMA A LAS FILAS DE EL NACIONAL"},"content":{"rendered":"<blockquote><p>El exjugador de los amarillos tendr\u00e1 un contrato por dos temporadas con el Bi-Tri, con el objetivo de pelear el campeonato nacional.<\/p><\/blockquote>\n<p>El segundo ciclo de Fidel Mart\u00ednez en Barcelona SC ha llegado a su fin. El delantero no estaba en los planes del t\u00e9cnico Diego L\u00f3pez y ante la falta de oportunidades decidi\u00f3 cambiar de aires.<\/p>\n<p>Su nuevo equipo ser\u00e1 El Nacional de Ever Hugo Almeida. El futbolista ya viaj\u00f3 hacia la ciudad de Quito para hacerse los chequeos m\u00e9dicos y posteriormente sumarse a los entrenamientos junto a sus nuevos compa\u00f1eros.<\/p>\n<p>\u201cCuando me llam\u00f3 el Profe me comunic\u00f3 el proyecto, el presidente Marco (Pazos) tambi\u00e9n. Estoy feliz de asumir este reto. Llego a un equipo grande como es El Nacional, tenemos que hacer las cosas bien\u201d, dijo el atacante previo a su vuelo a la capital ecuatoriana.<\/p>\n<p>Este fichaje representa una nueva oportunidad para Mart\u00ednez de poder destacar en los puros criollos ya que revel\u00f3 que \u201cen el 2004 o 2005 fui a hacer una prueba pero las cosas no se dieron\u201d. Ahora, \u201cvuelvo con mucha madurez, con m\u00e1s experiencia. Estoy feliz de volver a pisar la sede de Tumbaco y ojal\u00e1 pueda jugar pronto\u201d.<\/p>\n<p>El exjugador de los amarillos tendr\u00e1 un contrato por dos temporadas con el Bi-Tri, por lo que deber\u00e1 aclimatarse a la altura y todas las condiciones geogr\u00e1ficas de la sierra nacional.<\/p>\n<p>Sobre la plantilla de su nuevo club, el tricolor afirm\u00f3: \u201cTiene muy buenos jugadores, los he sufrido, ja. Hay una camada muy buena de j\u00f3venes de El Nacional\u201d.<\/p>\n<p>Por \u00faltimo, sentenci\u00f3: \u201cAl inicio voy a sentir el ahogo normal. Pero hice la pretemporada con normalidad. Conozco a varios de los compa\u00f1eros y eso har\u00e1 todo m\u00e1s f\u00e1cil\u201d.<\/p>\n<p>F: El Universo<\/p>\n<p>#Life #LifeNoticias #RadioLife995FM #InformativoLife #Babahoyo #ThiIsLife #SintonizaLaVida<\/p>\n","protected":false},"excerpt":{"rendered":"<p>El exjugador de los amarillos tendr\u00e1 un contrato por dos temporadas con el Bi-Tri, con el objetivo de pelear el campeonato nacional. El segundo ciclo de Fidel Mart\u00ednez en Barcelona SC ha llegado a su fin. El delantero no estaba en los planes del t\u00e9cnico Diego L\u00f3pez y ante la falta de oportunidades decidi\u00f3 cambiar [&hellip;]<\/p>\n","protected":false},"author":1,"featured_media":3732,"comment_status":"open","ping_status":"closed","sticky":false,"template":"","format":"standard","meta":{"footnotes":""},"categories":[25],"tags":[],"class_list":["post-3731","post","type-post","status-publish","format-standard","has-post-thumbnail","hentry","category-deportes"],"_links":{"self":[{"href":"https:\/\/lifefm.ec\/index.php\/wp-json\/wp\/v2\/posts\/3731","targetHints":{"allow":["GET"]}}],"collection":[{"href":"https:\/\/lifefm.ec\/index.php\/wp-json\/wp\/v2\/posts"}],"about":[{"href":"https:\/\/lifefm.ec\/index.php\/wp-json\/wp\/v2\/types\/post"}],"author":[{"embeddable":true,"href":"https:\/\/lifefm.ec\/index.php\/wp-json\/wp\/v2\/users\/1"}],"replies":[{"embeddable":true,"href":"https:\/\/lifefm.ec\/index.php\/wp-json\/wp\/v2\/comments?post=3731"}],"version-history":[{"count":1,"href":"https:\/\/lifefm.ec\/index.php\/wp-json\/wp\/v2\/posts\/3731\/revisions"}],"predecessor-version":[{"id":3737,"href":"https:\/\/lifefm.ec\/index.php\/wp-json\/wp\/v2\/posts\/3731\/revisions\/3737"}],"wp:featuredmedia":[{"embeddable":true,"href":"https:\/\/lifefm.ec\/index.php\/wp-json\/wp\/v2\/media\/3732"}],"wp:attachment":[{"href":"https:\/\/lifefm.ec\/index.php\/wp-json\/wp\/v2\/media?parent=3731"}],"wp:term":[{"taxonomy":"category","embeddable":true,"href":"https:\/\/lifefm.ec\/index.php\/wp-json\/wp\/v2\/categories?post=3731"},{"taxonomy":"post_tag","embeddable":true,"href":"https:\/\/lifefm.ec\/index.php\/wp-json\/wp\/v2\/tags?post=3731"}],"curies":[{"name":"wp","href":"https:\/\/api.w.org\/{rel}","templated":true}]}}