{"id":3697,"date":"2024-03-08T09:57:26","date_gmt":"2024-03-08T14:57:26","guid":{"rendered":"https:\/\/lifefm.ec\/?p=3697"},"modified":"2024-03-08T09:57:26","modified_gmt":"2024-03-08T14:57:26","slug":"daniel-noboa-a-marlon-chito-vera-fuerzas-para-este-sabado-se-que-seras-campeon-de-la-ufc","status":"publish","type":"post","link":"https:\/\/lifefm.ec\/index.php\/2024\/03\/08\/daniel-noboa-a-marlon-chito-vera-fuerzas-para-este-sabado-se-que-seras-campeon-de-la-ufc\/","title":{"rendered":"DANIEL NOBOA A MARLON &#8216;CHITO&#8217; VERA: \u00ab\u00a1FUERZAS PARA ESTE S\u00c1BADO SE QUE SER\u00c1S CAMPE\u00d3N DE LA UFC!\u00bb"},"content":{"rendered":"<blockquote><p>La amistad entre Noboa y Chito Vera llev\u00f3 a que el luchador interviniera incluso en la campa\u00f1a de las \u00faltimas elecciones presidenciales de Ecuador.<\/p><\/blockquote>\n<p>El presidente de Ecuador, Daniel Noboa, mand\u00f3 este jueves un mensaje de \u00e1nimo a su amigo Marlon \u2018Chito\u2019 Vera, que el s\u00e1bado pelear\u00e1 en Miami (Estados Unidos) por el t\u00edtulo de campe\u00f3n mundial del peso gallo (61 kilos) de la UFC frente al vigente campe\u00f3n de la categor\u00eda, el estadounidense Sean O\u2019Malley.<\/p>\n<p>\u201cFuerza para este s\u00e1bado, estoy seguro de que vas a regresar campe\u00f3n. Aqu\u00ed te esperamos en Ecuador, donde estamos peleando una guerra para darle paz y progreso a todos los ecuatorianos\u201d, expres\u00f3 Noboa en un mensaje difundido en redes sociales.<\/p>\n<p>La amistad entre Noboa y Chito Vera llev\u00f3 a que el luchador interviniera incluso en la campa\u00f1a de las \u00faltimas elecciones presidenciales de Ecuador para apoyar a su amigo a alcanzar la jefatura del Estado.<\/p>\n<p>Vera, de 31 a\u00f1os y nacido en Chone (Manab\u00ed), se enfrentar\u00e1 a O\u2019Malley, de 29 a\u00f1os, en el combate estelar de la sesi\u00f3n 299 de UFC, que tendr\u00e1 lugar en el Kaseya Center en Miami (Estados Unidos).<\/p>\n<p>El ecuatoriano es el \u00fanico luchador que ha logrado vencer a O\u2019Malley, por nocaut t\u00e9cnico, en un combate donde el estadounidense qued\u00f3 mermado por una torcedura de tobillo.<\/p>\n<p>F: El Universo<\/p>\n<p>#Life #LifeNoticias #RadioLife995FM #InformativoLife #Babahoyo #ThiIsLife #SintonizaLaVida<\/p>\n","protected":false},"excerpt":{"rendered":"<p>La amistad entre Noboa y Chito Vera llev\u00f3 a que el luchador interviniera incluso en la campa\u00f1a de las \u00faltimas elecciones presidenciales de Ecuador. El presidente de Ecuador, Daniel Noboa, mand\u00f3 este jueves un mensaje de \u00e1nimo a su amigo Marlon \u2018Chito\u2019 Vera, que el s\u00e1bado pelear\u00e1 en Miami (Estados Unidos) por el t\u00edtulo de [&hellip;]<\/p>\n","protected":false},"author":1,"featured_media":3698,"comment_status":"open","ping_status":"closed","sticky":false,"template":"","format":"standard","meta":{"footnotes":""},"categories":[25],"tags":[],"class_list":["post-3697","post","type-post","status-publish","format-standard","has-post-thumbnail","hentry","category-deportes"],"_links":{"self":[{"href":"https:\/\/lifefm.ec\/index.php\/wp-json\/wp\/v2\/posts\/3697","targetHints":{"allow":["GET"]}}],"collection":[{"href":"https:\/\/lifefm.ec\/index.php\/wp-json\/wp\/v2\/posts"}],"about":[{"href":"https:\/\/lifefm.ec\/index.php\/wp-json\/wp\/v2\/types\/post"}],"author":[{"embeddable":true,"href":"https:\/\/lifefm.ec\/index.php\/wp-json\/wp\/v2\/users\/1"}],"replies":[{"embeddable":true,"href":"https:\/\/lifefm.ec\/index.php\/wp-json\/wp\/v2\/comments?post=3697"}],"version-history":[{"count":1,"href":"https:\/\/lifefm.ec\/index.php\/wp-json\/wp\/v2\/posts\/3697\/revisions"}],"predecessor-version":[{"id":3705,"href":"https:\/\/lifefm.ec\/index.php\/wp-json\/wp\/v2\/posts\/3697\/revisions\/3705"}],"wp:featuredmedia":[{"embeddable":true,"href":"https:\/\/lifefm.ec\/index.php\/wp-json\/wp\/v2\/media\/3698"}],"wp:attachment":[{"href":"https:\/\/lifefm.ec\/index.php\/wp-json\/wp\/v2\/media?parent=3697"}],"wp:term":[{"taxonomy":"category","embeddable":true,"href":"https:\/\/lifefm.ec\/index.php\/wp-json\/wp\/v2\/categories?post=3697"},{"taxonomy":"post_tag","embeddable":true,"href":"https:\/\/lifefm.ec\/index.php\/wp-json\/wp\/v2\/tags?post=3697"}],"curies":[{"name":"wp","href":"https:\/\/api.w.org\/{rel}","templated":true}]}}