{"id":3584,"date":"2024-03-06T12:39:03","date_gmt":"2024-03-06T17:39:03","guid":{"rendered":"https:\/\/lifefm.ec\/?p=3584"},"modified":"2024-03-06T12:39:03","modified_gmt":"2024-03-06T17:39:03","slug":"dudas-sobre-felix-sanchez-bass-fef-considera-a-martin-anselmi-dt-de-cruz-azul","status":"publish","type":"post","link":"https:\/\/lifefm.ec\/index.php\/2024\/03\/06\/dudas-sobre-felix-sanchez-bass-fef-considera-a-martin-anselmi-dt-de-cruz-azul\/","title":{"rendered":"\u00bfDUDAS SOBRE F\u00c9LIX S\u00c1NCHEZ BASS? FEF CONSIDERA A MART\u00cdN ANSELMI, DT DE CRUZ AZUL"},"content":{"rendered":"<blockquote><p>Un influyente diario azteca asegura que desde Ecuaf\u00fatbol se hace seguimiento al exentrenador de Independiente del Valle, que destaca en torneo Clausura 2024.<\/p><\/blockquote>\n<p>Al mando de Independiente del Valle, el t\u00e9cnico argentino Mart\u00edn Anselmi conquist\u00f3 la Copa Sudamericana 2022 y a la Recopa 2023, en finales en las que super\u00f3 a los clubes linajudos brasile\u00f1os Sao Paulo y Flamengo, respectivamente. En diciembre del 2023 el joven adiestrador se despidi\u00f3 del cuadro de Sangolqu\u00ed con el subcampeonato de Liga Pro, tras perder la contienda de ida y vuelta con Liga de Quito en definici\u00f3n penales.<\/p>\n<p>Anselmi dej\u00f3 a los rayados para asumir el mando del Cruz Azul, de M\u00e9xico, uno de los equipos considerados entre los m\u00e1s grandes y mayor de arrastre popular de la naci\u00f3n azteca.<\/p>\n<p>La prensa deportiva mexicana informa que debido a la buena campa\u00f1a que cumple el estratega est\u00e1 siendo observado por la Federaci\u00f3n Ecuatoriana de F\u00fatbol (FEF), para una eventual vinculaci\u00f3n laboral en la Selecci\u00f3n mayor, el cargo que actualmente ocupa el cuestionado espa\u00f1ol F\u00e9lix S\u00e1nchez Bas.<\/p>\n<p>\u201cCon su estilo de juego, tan ofensivo como efectivo, Mart\u00edn Anselmi se ha ganado los corazones de los aficionados cruzazulinos\u201d, se lee una nota del diario El Universal, uno de los rotativos m\u00e1s influyentes de M\u00e9xico (tiene su sede en la capital, es de circulaci\u00f3n nacional y 108 a\u00f1os de fundaci\u00f3n)<\/p>\n<p>\u201cEl problema es que la vitrina es tan grande que algunos ya empezaron a echarle el ojo al entrenador argentino\u201d, se a\u00f1ade en la nota que tiene este t\u00edtulo: \u2018Federaci\u00f3n de Ecuador ya le ech\u00f3 el ojo al t\u00e9cnico del Cruz Azul\u2019.<\/p>\n<p>En este contexto, el rotativo de Ciudad de M\u00e9xico resalta las buenas campa\u00f1as que cumpli\u00f3 el argentino de 38 a\u00f1os cuando estuvo en el banquillo del conjunto de Sangolqu\u00ed. \u201cAntes de dirigir a La M\u00e1quina, el sudamericano tuvo un paso muy exitoso por el Independiente del Valle de Ecuador, pa\u00eds cuya Federaci\u00f3n lo ve como una gran opci\u00f3n para la selecci\u00f3n nacional, en caso de que se complique el camino al Mundial 2026\u2033, se dice al cierre de la nota.<\/p>\n<p>F: El Universo<\/p>\n<p>#Life #LifeNoticias #RadioLife995FM #InformativoLife #Babahoyo #ThiIsLife #SintonizaLaVida<\/p>\n<p>&nbsp;<\/p>\n","protected":false},"excerpt":{"rendered":"<p>Un influyente diario azteca asegura que desde Ecuaf\u00fatbol se hace seguimiento al exentrenador de Independiente del Valle, que destaca en torneo Clausura 2024. Al mando de Independiente del Valle, el t\u00e9cnico argentino Mart\u00edn Anselmi conquist\u00f3 la Copa Sudamericana 2022 y a la Recopa 2023, en finales en las que super\u00f3 a los clubes linajudos brasile\u00f1os [&hellip;]<\/p>\n","protected":false},"author":1,"featured_media":3591,"comment_status":"open","ping_status":"closed","sticky":false,"template":"","format":"standard","meta":{"footnotes":""},"categories":[25],"tags":[],"class_list":["post-3584","post","type-post","status-publish","format-standard","has-post-thumbnail","hentry","category-deportes"],"_links":{"self":[{"href":"https:\/\/lifefm.ec\/index.php\/wp-json\/wp\/v2\/posts\/3584","targetHints":{"allow":["GET"]}}],"collection":[{"href":"https:\/\/lifefm.ec\/index.php\/wp-json\/wp\/v2\/posts"}],"about":[{"href":"https:\/\/lifefm.ec\/index.php\/wp-json\/wp\/v2\/types\/post"}],"author":[{"embeddable":true,"href":"https:\/\/lifefm.ec\/index.php\/wp-json\/wp\/v2\/users\/1"}],"replies":[{"embeddable":true,"href":"https:\/\/lifefm.ec\/index.php\/wp-json\/wp\/v2\/comments?post=3584"}],"version-history":[{"count":1,"href":"https:\/\/lifefm.ec\/index.php\/wp-json\/wp\/v2\/posts\/3584\/revisions"}],"predecessor-version":[{"id":3592,"href":"https:\/\/lifefm.ec\/index.php\/wp-json\/wp\/v2\/posts\/3584\/revisions\/3592"}],"wp:featuredmedia":[{"embeddable":true,"href":"https:\/\/lifefm.ec\/index.php\/wp-json\/wp\/v2\/media\/3591"}],"wp:attachment":[{"href":"https:\/\/lifefm.ec\/index.php\/wp-json\/wp\/v2\/media?parent=3584"}],"wp:term":[{"taxonomy":"category","embeddable":true,"href":"https:\/\/lifefm.ec\/index.php\/wp-json\/wp\/v2\/categories?post=3584"},{"taxonomy":"post_tag","embeddable":true,"href":"https:\/\/lifefm.ec\/index.php\/wp-json\/wp\/v2\/tags?post=3584"}],"curies":[{"name":"wp","href":"https:\/\/api.w.org\/{rel}","templated":true}]}}