{"id":3554,"date":"2024-03-06T11:02:21","date_gmt":"2024-03-06T16:02:21","guid":{"rendered":"https:\/\/lifefm.ec\/?p=3554"},"modified":"2024-03-06T11:02:21","modified_gmt":"2024-03-06T16:02:21","slug":"marlon-chito-vera-recibe-visita-de-leonardo-campana-con-obsequio-especial-en-ufc-299","status":"publish","type":"post","link":"https:\/\/lifefm.ec\/index.php\/2024\/03\/06\/marlon-chito-vera-recibe-visita-de-leonardo-campana-con-obsequio-especial-en-ufc-299\/","title":{"rendered":"MARLON &#8216;CHITO&#8217; VERA RECIBE VISITA DE LEONARDO CAMPANA CON OBSEQUIO ESPECIAL EN UFC 299"},"content":{"rendered":"<blockquote><p>El delantero del Inter Miami visit\u00f3 al luchador ecuatoriano para darle su respaldo antes del combate ante Sean O&#8217;Malley por el t\u00edtulo del peso gallo.<\/p><\/blockquote>\n<p>La ciudad de Miami, en Estados Unidos, ser\u00e1 el foco de atenci\u00f3n para miles de aficionados ecuatorianos que apoyar\u00e1n a Marlon Chito Vera en busca de su primer t\u00edtulo en la UFC.<\/p>\n<p>El luchador tricolor se enfrentar\u00e1 al estadounidense Sean O\u2019Malley por el campeonato de peso gallo en el Kaseya Center este s\u00e1bado, 9 de marzo, en el evento pague por ver UFC 299.<\/p>\n<p>Antes de combate han sido varios los compatriotas que le han dedicado mensajes de apoyo al peleador, siendo Leonardo Campana el \u00faltimo en unirse a esta distinguida lista.<\/p>\n<p>El delantero del Inter Miami visit\u00f3 al Chito y compartieron un breve momento, donde incluso le regal\u00f3 una de sus camisetas que usa en el club de Florida.<\/p>\n<p>Adem\u00e1s, le dedic\u00f3 un peque\u00f1o mensaje en Instagram: \u201cListo para el s\u00e1bado. Todo un pa\u00eds contigo, vamos Chito\u201d. Esta publicaci\u00f3n estuvo acompa\u00f1ada de las fotos del encuentro entre ambos deportistas.<\/p>\n<p>El cuadro rosa tiene un partido este jueves ante Nashville por la ida del duelo de los octavos de final de la Concachampions. Luego, el domingo, se medir\u00e1 al Montreal por la Major League Soccer. Por lo que sin encuentros pendientes para el s\u00e1bado, existe una posibilidad de que el atacante asista al combate para ver la lucha del Chito.<\/p>\n<p>F: El Universo<\/p>\n<p>#Life #LifeNoticias #RadioLife995FM #InformativoLife #Babahoyo #ThiIsLife #SintonizaLaVida<\/p>\n<p>&nbsp;<\/p>\n","protected":false},"excerpt":{"rendered":"<p>El delantero del Inter Miami visit\u00f3 al luchador ecuatoriano para darle su respaldo antes del combate ante Sean O&#8217;Malley por el t\u00edtulo del peso gallo. La ciudad de Miami, en Estados Unidos, ser\u00e1 el foco de atenci\u00f3n para miles de aficionados ecuatorianos que apoyar\u00e1n a Marlon Chito Vera en busca de su primer t\u00edtulo en [&hellip;]<\/p>\n","protected":false},"author":1,"featured_media":3561,"comment_status":"open","ping_status":"closed","sticky":false,"template":"","format":"standard","meta":{"footnotes":""},"categories":[25],"tags":[],"class_list":["post-3554","post","type-post","status-publish","format-standard","has-post-thumbnail","hentry","category-deportes"],"_links":{"self":[{"href":"https:\/\/lifefm.ec\/index.php\/wp-json\/wp\/v2\/posts\/3554","targetHints":{"allow":["GET"]}}],"collection":[{"href":"https:\/\/lifefm.ec\/index.php\/wp-json\/wp\/v2\/posts"}],"about":[{"href":"https:\/\/lifefm.ec\/index.php\/wp-json\/wp\/v2\/types\/post"}],"author":[{"embeddable":true,"href":"https:\/\/lifefm.ec\/index.php\/wp-json\/wp\/v2\/users\/1"}],"replies":[{"embeddable":true,"href":"https:\/\/lifefm.ec\/index.php\/wp-json\/wp\/v2\/comments?post=3554"}],"version-history":[{"count":1,"href":"https:\/\/lifefm.ec\/index.php\/wp-json\/wp\/v2\/posts\/3554\/revisions"}],"predecessor-version":[{"id":3562,"href":"https:\/\/lifefm.ec\/index.php\/wp-json\/wp\/v2\/posts\/3554\/revisions\/3562"}],"wp:featuredmedia":[{"embeddable":true,"href":"https:\/\/lifefm.ec\/index.php\/wp-json\/wp\/v2\/media\/3561"}],"wp:attachment":[{"href":"https:\/\/lifefm.ec\/index.php\/wp-json\/wp\/v2\/media?parent=3554"}],"wp:term":[{"taxonomy":"category","embeddable":true,"href":"https:\/\/lifefm.ec\/index.php\/wp-json\/wp\/v2\/categories?post=3554"},{"taxonomy":"post_tag","embeddable":true,"href":"https:\/\/lifefm.ec\/index.php\/wp-json\/wp\/v2\/tags?post=3554"}],"curies":[{"name":"wp","href":"https:\/\/api.w.org\/{rel}","templated":true}]}}