{"id":2640,"date":"2023-09-12T12:20:51","date_gmt":"2023-09-12T17:20:51","guid":{"rendered":"https:\/\/lifefm.ec\/?p=2640"},"modified":"2023-09-12T11:01:12","modified_gmt":"2023-09-12T16:01:12","slug":"el-anticiclon-del-pacifico-sur-su-influencia-y-efectos-en-ecuador","status":"publish","type":"post","link":"https:\/\/lifefm.ec\/index.php\/2023\/09\/12\/el-anticiclon-del-pacifico-sur-su-influencia-y-efectos-en-ecuador\/","title":{"rendered":"EL ANTICICL\u00d3N DEL PAC\u00cdFICO SUR: SU INFLUENCIA Y EFECTOS EN ECUADOR."},"content":{"rendered":"<p>Imagen tomada de Primicias.<\/p>\n<blockquote><p>El Instituto Oceanogr\u00e1fico y Ant\u00e1rtico de la Armada del Ecuador (Inocar) anunci\u00f3 en la noche del lunes 11 de septiembre de 2023 que se espera un aumento en la intensidad de los vientos en el pa\u00eds debido al fortalecimiento del anticicl\u00f3n del Pac\u00edfico Sur.<\/p><\/blockquote>\n<p>\u00bfQu\u00e9 es un anticicl\u00f3n? Un anticicl\u00f3n es una regi\u00f3n atmosf\u00e9rica caracterizada por una presi\u00f3n atmosf\u00e9rica m\u00e1s elevada que la de su entorno circundante. Esta caracter\u00edstica forma una barrera que reduce la entrada de nubes, resultando en una disminuci\u00f3n de las precipitaciones. Adem\u00e1s, los anticiclones suelen estar asociados con climas favorables, cielos despejados y soleados.<\/p>\n<p>El anticicl\u00f3n del Pac\u00edfico Sur se encuentra en el oc\u00e9ano Pac\u00edfico, entre las costas de Per\u00fa y Chile, seg\u00fan informaci\u00f3n proporcionada por el Servicio Nacional de Meteorolog\u00eda e Hidrolog\u00eda del Per\u00fa (Senamhi). El Senamhi explic\u00f3 que el fortalecimiento del anticicl\u00f3n del Pac\u00edfico Sur cerca del continente sudamericano provocar\u00e1 un notable aumento en la velocidad de los vientos procedentes del sur. Estos vientos alisios secos se dirigen de sur a norte y afectan a Ecuador, Bolivia y Argentina.<\/p>\n<p>En cuanto a su impacto en Ecuador, el Inocar advirti\u00f3 que el fortalecimiento de este fen\u00f3meno podr\u00eda generar agitaci\u00f3n en el mar, debido al incremento en la intensidad de los vientos. Se recomienda precauci\u00f3n, especialmente durante los per\u00edodos del 12 al 15 y del 19 al 23 de septiembre de 2023.<\/p>\n","protected":false},"excerpt":{"rendered":"<p>Imagen tomada de Primicias. El Instituto Oceanogr\u00e1fico y Ant\u00e1rtico de la Armada del Ecuador (Inocar) anunci\u00f3 en la noche del lunes 11 de septiembre de 2023 que se espera un aumento en la intensidad de los vientos en el pa\u00eds debido al fortalecimiento del anticicl\u00f3n del Pac\u00edfico Sur. \u00bfQu\u00e9 es un anticicl\u00f3n? Un anticicl\u00f3n es [&hellip;]<\/p>\n","protected":false},"author":1,"featured_media":2641,"comment_status":"open","ping_status":"closed","sticky":false,"template":"","format":"standard","meta":{"footnotes":""},"categories":[24,28],"tags":[],"class_list":["post-2640","post","type-post","status-publish","format-standard","has-post-thumbnail","hentry","category-nacional","category-noticias"],"_links":{"self":[{"href":"https:\/\/lifefm.ec\/index.php\/wp-json\/wp\/v2\/posts\/2640","targetHints":{"allow":["GET"]}}],"collection":[{"href":"https:\/\/lifefm.ec\/index.php\/wp-json\/wp\/v2\/posts"}],"about":[{"href":"https:\/\/lifefm.ec\/index.php\/wp-json\/wp\/v2\/types\/post"}],"author":[{"embeddable":true,"href":"https:\/\/lifefm.ec\/index.php\/wp-json\/wp\/v2\/users\/1"}],"replies":[{"embeddable":true,"href":"https:\/\/lifefm.ec\/index.php\/wp-json\/wp\/v2\/comments?post=2640"}],"version-history":[{"count":1,"href":"https:\/\/lifefm.ec\/index.php\/wp-json\/wp\/v2\/posts\/2640\/revisions"}],"predecessor-version":[{"id":2642,"href":"https:\/\/lifefm.ec\/index.php\/wp-json\/wp\/v2\/posts\/2640\/revisions\/2642"}],"wp:featuredmedia":[{"embeddable":true,"href":"https:\/\/lifefm.ec\/index.php\/wp-json\/wp\/v2\/media\/2641"}],"wp:attachment":[{"href":"https:\/\/lifefm.ec\/index.php\/wp-json\/wp\/v2\/media?parent=2640"}],"wp:term":[{"taxonomy":"category","embeddable":true,"href":"https:\/\/lifefm.ec\/index.php\/wp-json\/wp\/v2\/categories?post=2640"},{"taxonomy":"post_tag","embeddable":true,"href":"https:\/\/lifefm.ec\/index.php\/wp-json\/wp\/v2\/tags?post=2640"}],"curies":[{"name":"wp","href":"https:\/\/api.w.org\/{rel}","templated":true}]}}