{"id":2637,"date":"2023-09-12T12:00:01","date_gmt":"2023-09-12T17:00:01","guid":{"rendered":"https:\/\/lifefm.ec\/?p=2637"},"modified":"2023-09-12T10:53:30","modified_gmt":"2023-09-12T15:53:30","slug":"descubren-el-cadaver-de-un-hombre-con-evidentes-senales-de-tortura-en-una-zanja-en-duran","status":"publish","type":"post","link":"https:\/\/lifefm.ec\/index.php\/2023\/09\/12\/descubren-el-cadaver-de-un-hombre-con-evidentes-senales-de-tortura-en-una-zanja-en-duran\/","title":{"rendered":"DESCUBREN EL CAD\u00c1VER DE UN HOMBRE CON EVIDENTES SE\u00d1ALES DE TORTURA EN UNA ZANJA EN DUR\u00c1N."},"content":{"rendered":"<p>Imagen tomada del Municipio de Dur\u00e1n.<\/p>\n<blockquote><p>Encuentran el cuerpo de un hombre con claros indicios de tortura en una zanja de la cooperativa 5 de Junio, ubicada en el cant\u00f3n Dur\u00e1n, provincia de Guayas. Este hecho se enmarca en un contexto de creciente violencia en la zona, que ha cobrado varias v\u00edctimas inocentes, incluido un ni\u00f1o de cinco a\u00f1os que perdi\u00f3 la vida en un ataque armado.<\/p><\/blockquote>\n<p>El hallazgo tuvo lugar alrededor de las 21:00 horas del lunes 11 de septiembre. Residentes del \u00e1rea informaron que observaron una camioneta aproximarse al sitio, desde la cual individuos desconocidos arrojaron un objeto a la zanja. Al acercarse, descubrieron que se trataba del cad\u00e1ver de un hombre. El cuerpo estaba con el rostro cubierto y atado, adem\u00e1s de presentar evidentes se\u00f1ales de tortura.<\/p>\n<p>Las autoridades policiales se desplazaron al lugar para iniciar las investigaciones correspondientes. Cabe destacar que en esta zona no existen c\u00e1maras de seguridad, por lo que los agentes dialogaron con los residentes y los familiares de la v\u00edctima para recabar informaci\u00f3n relevante.<\/p>\n<p>Dur\u00e1n, integrante de la Zona 8 junto a Guayaquil y Samborond\u00f3n, ha experimentado un significativo aumento en los casos de muertes violentas. En la \u00faltima semana, se han registrado varios tiroteos que han resultado en la p\u00e9rdida de vidas inocentes, incluyendo el tr\u00e1gico fallecimiento de un ni\u00f1o de cinco a\u00f1os, el secuestro y asesinato del concejal Bol\u00edvar Vera, as\u00ed como otros eventos violentos.<\/p>\n","protected":false},"excerpt":{"rendered":"<p>Imagen tomada del Municipio de Dur\u00e1n. Encuentran el cuerpo de un hombre con claros indicios de tortura en una zanja de la cooperativa 5 de Junio, ubicada en el cant\u00f3n Dur\u00e1n, provincia de Guayas. Este hecho se enmarca en un contexto de creciente violencia en la zona, que ha cobrado varias v\u00edctimas inocentes, incluido un [&hellip;]<\/p>\n","protected":false},"author":1,"featured_media":2638,"comment_status":"open","ping_status":"closed","sticky":false,"template":"","format":"standard","meta":{"footnotes":""},"categories":[24,28],"tags":[],"class_list":["post-2637","post","type-post","status-publish","format-standard","has-post-thumbnail","hentry","category-nacional","category-noticias"],"_links":{"self":[{"href":"https:\/\/lifefm.ec\/index.php\/wp-json\/wp\/v2\/posts\/2637","targetHints":{"allow":["GET"]}}],"collection":[{"href":"https:\/\/lifefm.ec\/index.php\/wp-json\/wp\/v2\/posts"}],"about":[{"href":"https:\/\/lifefm.ec\/index.php\/wp-json\/wp\/v2\/types\/post"}],"author":[{"embeddable":true,"href":"https:\/\/lifefm.ec\/index.php\/wp-json\/wp\/v2\/users\/1"}],"replies":[{"embeddable":true,"href":"https:\/\/lifefm.ec\/index.php\/wp-json\/wp\/v2\/comments?post=2637"}],"version-history":[{"count":1,"href":"https:\/\/lifefm.ec\/index.php\/wp-json\/wp\/v2\/posts\/2637\/revisions"}],"predecessor-version":[{"id":2639,"href":"https:\/\/lifefm.ec\/index.php\/wp-json\/wp\/v2\/posts\/2637\/revisions\/2639"}],"wp:featuredmedia":[{"embeddable":true,"href":"https:\/\/lifefm.ec\/index.php\/wp-json\/wp\/v2\/media\/2638"}],"wp:attachment":[{"href":"https:\/\/lifefm.ec\/index.php\/wp-json\/wp\/v2\/media?parent=2637"}],"wp:term":[{"taxonomy":"category","embeddable":true,"href":"https:\/\/lifefm.ec\/index.php\/wp-json\/wp\/v2\/categories?post=2637"},{"taxonomy":"post_tag","embeddable":true,"href":"https:\/\/lifefm.ec\/index.php\/wp-json\/wp\/v2\/tags?post=2637"}],"curies":[{"name":"wp","href":"https:\/\/api.w.org\/{rel}","templated":true}]}}