{"id":13640,"date":"2026-09-03T13:00:12","date_gmt":"2026-09-03T18:00:12","guid":{"rendered":"https:\/\/lifefm.ec\/?p=13640"},"modified":"2026-09-03T12:40:28","modified_gmt":"2026-09-03T17:40:28","slug":"vehiculos-desde-5-182-el-sri-abre-su-nueva-jornada-de-remates-y-subastas","status":"publish","type":"post","link":"https:\/\/lifefm.ec\/index.php\/2026\/09\/03\/vehiculos-desde-5-182-el-sri-abre-su-nueva-jornada-de-remates-y-subastas\/","title":{"rendered":"\u00a1VEH\u00cdCULOS DESDE $5.182! EL SRI ABRE SU NUEVA JORNADA DE REMATES Y SUBASTAS"},"content":{"rendered":"<p class=\"prose-text\" data-mrf-recirculation=\"Links article\">El Servicio de Rentas Internas (SRI) realizar\u00e1 en septiembre del 2026 una serie de procesos de remates, subastas y venta directa de bienes inmuebles y veh\u00edculos en varias ciudades del pa\u00eds.<\/p>\n<p class=\"prose-text\" data-mrf-recirculation=\"Links article\">Como pre\u00e1mbulo a estas diligencias, la instituci\u00f3n har\u00e1 este viernes 4 de septiembre una jornada de exhibici\u00f3n presencial de los automotores que saldr\u00e1n a subasta en Quito.<\/p>\n<p class=\"prose-text\" data-mrf-recirculation=\"Links article\">La exhibici\u00f3n ser\u00e1 de 09:00 a 12:00 en la avenida Galo Plaza Lasso N58-162 y avenida Luis Tufi\u00f1o, en el norte de la capital, permitiendo a los interesados inspeccionar los veh\u00edculos antes de presentar sus ofertas.<\/p>\n<h2 class=\"\">Cronograma y detalle de bienes por ciudad<\/h2>\n<p class=\"prose-text\" data-mrf-recirculation=\"Links article\"><b>Exhibici\u00f3n y subasta de veh\u00edculos en Quito<\/b>:<\/p>\n<p class=\"prose-text\" data-mrf-recirculation=\"Links article\">De acuerdo con informaci\u00f3n de la p\u00e1gina web del SRI, Los automotores mostrados en la capital ser\u00e1n subastados entre el 17 y 18 de septiembre:<\/p>\n<div class=\"RawHtml | space-y-2\">\n<div class=\"text-base max-w-full\">\n<div id=\"active-campaing-form-marcador\"><\/div>\n<\/div>\n<\/div>\n<ul class=\"prose-list\">\n<li><b>Jeep Honda:<\/b>\u00a0Subasta el 17 de septiembre | Base: $ 5.182,88 (Aval\u00fao: $ 6.910,50)<\/li>\n<li><b>Porsche:<\/b>\u00a0Subasta el 17 de septiembre | Base: $ 65.109,60 (Aval\u00fao: $ 86.812,80)<\/li>\n<li><b>Trooper:<\/b>\u00a0Subasta el 17 de septiembre | Base: $ 5.672,40 (Aval\u00fao: $ 7.563,20)<\/li>\n<li><b>BMW:<\/b>\u00a0Subasta el 17 de septiembre | Base: $ 11.408,25 (Aval\u00fao: $ 15.211,00)<\/li>\n<li><b>Grand Vitara:<\/b>\u00a0Subasta el 17 de septiembre | Base: $ 10.205,10 (Aval\u00fao: $ 13.606,80)<\/li>\n<li><b>Kia Picanto:<\/b>\u00a0Subasta el 18 de septiembre | Base: $ 8.301,56 (Aval\u00fao: $ 11.068,75)<\/li>\n<li><b>Hyundai Santa Fe:<\/b>\u00a0Subasta el 18 de septiembre | Base: $ 7.825,50 (Aval\u00fao: $ 10.434,00)<\/li>\n<li><b>Cami\u00f3n Chevrolet NPR:<\/b>\u00a0Subasta el 18 de septiembre | Base: $ 11.397,00 (Aval\u00fao: $ 15.196,00)<\/li>\n<\/ul>\n<p class=\"prose-text\" data-mrf-recirculation=\"Links article\"><b>Remate de Inmuebles en Guayaquil:<\/b><\/p>\n<div class=\"flex flex-col md:flex-row gap-2\"><\/div>\n<div class=\"RawHtml | space-y-2\">\n<div class=\"text-base max-w-full\">\n<div id=\"active-campaing-form\">En el Puerto Principal, la administraci\u00f3n tributaria llevar\u00e1 a cabo los remates de bienes inmuebles en dos fechas clave durante la segunda semana del mes. El 10 de septiembre se receptar\u00e1n las posturas para la Oficina L424, cuyo precio base fijado es de $ 58.394,60 sobre un aval\u00fao de $ 77.859,47, y para la Oficina L425, que tiene una base de $ 75.274,24 y un aval\u00fao comercial de $ 100.365,65.<\/div>\n<\/div>\n<\/div>\n<p class=\"prose-text\" data-mrf-recirculation=\"Links article\">Posteriormente, el 14 de septiembre se ejecutar\u00e1 el remate de la Bodega 1, cuyo valor base se estableci\u00f3 en $ 28.181,44 frente a un aval\u00fao de $ 56.362,87. En esa misma fecha se subastar\u00e1 la Oficina 5, fijada en una base de $ 100.267,44 (aval\u00fao de $ 200.534,87), y la Oficina 6, con una base de $ 39.968,99 (aval\u00fao de $ 79.937,97). La jornada en Guayaquil se completar\u00e1 con el remate de varias plazas de parqueo: los parqueaderos 54 y 60 saldr\u00e1n con una base individual de $ 7.305,32 (aval\u00fao de $ 14.610,63), mientras que los parqueaderos identificados con los n\u00fameros 445, 447, 449 y 453 tendr\u00e1n un valor base unitario de $ 7.456,15 sobre un aval\u00fao de $ 14.912,29.<\/p>\n<p class=\"prose-text\" data-mrf-recirculation=\"Links article\"><b>Otras localidades:<\/b><\/p>\n<p class=\"prose-text\" data-mrf-recirculation=\"Links article\">Las acciones del ente recaudador se extender\u00e1n a otras provincias de la regi\u00f3n Costa y Sierra centro. En Santo Domingo de los Ts\u00e1chilas, la subasta de un veh\u00edculo Great Wall se llevar\u00e1 a cabo el 25 de septiembre con una base fijada en $ 6.992,00 y un aval\u00fao de $ 9.322,66. Asimismo, en Portoviejo se desarrollar\u00e1 durante el mes el proceso de venta directa de un lote de terreno, determinado sobre una base de $ 42.287,76 y un valor avaluado en $ 84.575,52.<\/p>\n<p class=\"prose-text\" data-mrf-recirculation=\"Links article\">Los ciudadanos interesados en revisar las condiciones, avisos de remate completos y los requisitos legales para participar en cualquiera de estos procesos pueden ingresar al portal web institucional del SRI en el apartado de Remates y Subastas.<\/p>\n<p data-mrf-recirculation=\"Links article\">F: El Universo<\/p>\n","protected":false},"excerpt":{"rendered":"<p>El Servicio de Rentas Internas (SRI) realizar\u00e1 en septiembre del 2026 una serie de procesos de remates, subastas y venta directa de bienes inmuebles y veh\u00edculos en varias ciudades del pa\u00eds. Como pre\u00e1mbulo a estas diligencias, la instituci\u00f3n har\u00e1 este viernes 4 de septiembre una jornada de exhibici\u00f3n presencial de los automotores que saldr\u00e1n a [&hellip;]<\/p>\n","protected":false},"author":1,"featured_media":13641,"comment_status":"open","ping_status":"closed","sticky":false,"template":"","format":"standard","meta":{"footnotes":""},"categories":[52,24],"tags":[],"class_list":["post-13640","post","type-post","status-publish","format-standard","has-post-thumbnail","hentry","category-economia","category-nacional"],"_links":{"self":[{"href":"https:\/\/lifefm.ec\/index.php\/wp-json\/wp\/v2\/posts\/13640","targetHints":{"allow":["GET"]}}],"collection":[{"href":"https:\/\/lifefm.ec\/index.php\/wp-json\/wp\/v2\/posts"}],"about":[{"href":"https:\/\/lifefm.ec\/index.php\/wp-json\/wp\/v2\/types\/post"}],"author":[{"embeddable":true,"href":"https:\/\/lifefm.ec\/index.php\/wp-json\/wp\/v2\/users\/1"}],"replies":[{"embeddable":true,"href":"https:\/\/lifefm.ec\/index.php\/wp-json\/wp\/v2\/comments?post=13640"}],"version-history":[{"count":1,"href":"https:\/\/lifefm.ec\/index.php\/wp-json\/wp\/v2\/posts\/13640\/revisions"}],"predecessor-version":[{"id":13642,"href":"https:\/\/lifefm.ec\/index.php\/wp-json\/wp\/v2\/posts\/13640\/revisions\/13642"}],"wp:featuredmedia":[{"embeddable":true,"href":"https:\/\/lifefm.ec\/index.php\/wp-json\/wp\/v2\/media\/13641"}],"wp:attachment":[{"href":"https:\/\/lifefm.ec\/index.php\/wp-json\/wp\/v2\/media?parent=13640"}],"wp:term":[{"taxonomy":"category","embeddable":true,"href":"https:\/\/lifefm.ec\/index.php\/wp-json\/wp\/v2\/categories?post=13640"},{"taxonomy":"post_tag","embeddable":true,"href":"https:\/\/lifefm.ec\/index.php\/wp-json\/wp\/v2\/tags?post=13640"}],"curies":[{"name":"wp","href":"https:\/\/api.w.org\/{rel}","templated":true}]}}