{"id":13637,"date":"2026-09-03T11:16:55","date_gmt":"2026-09-03T16:16:55","guid":{"rendered":"https:\/\/lifefm.ec\/?p=13637"},"modified":"2026-09-03T11:16:55","modified_gmt":"2026-09-03T16:16:55","slug":"programa-de-debate-oratoria-jci-urdesa","status":"publish","type":"post","link":"https:\/\/lifefm.ec\/index.php\/2026\/09\/03\/programa-de-debate-oratoria-jci-urdesa\/","title":{"rendered":"PROGRAMA DE DEBATE &#038; ORATORIA \u2013 JCI URDESA"},"content":{"rendered":"<p data-path-to-node=\"23\">Desarrolla tus habilidades de comunicaci\u00f3n, supera el temor a hablar en p\u00fablico y aprende t\u00e9cnicas efectivas de argumentaci\u00f3n y debate. Este programa te\u00f3rico-pr\u00e1ctico est\u00e1 dise\u00f1ado para brindarte las herramientas clave que transformar\u00e1n tu presencia esc\u00e9nica y tu capacidad de persuasi\u00f3n.<\/p>\n<ul data-path-to-node=\"24\">\n<li>\n<p data-path-to-node=\"24,0,0\"><b data-path-to-node=\"24,0,0\" data-index-in-node=\"0\">Inicio:<\/b> 12 de septiembre de 2026<\/p>\n<\/li>\n<li>\n<p data-path-to-node=\"24,1,0\"><b data-path-to-node=\"24,1,0\" data-index-in-node=\"0\">Duraci\u00f3n:<\/b> 5 sesiones semanales<\/p>\n<\/li>\n<li>\n<p data-path-to-node=\"24,2,0\"><b data-path-to-node=\"24,2,0\" data-index-in-node=\"0\">Horario:<\/b> S\u00e1bados de 14h30 a 17h00<\/p>\n<\/li>\n<li>\n<p data-path-to-node=\"24,3,0\"><b data-path-to-node=\"24,3,0\" data-index-in-node=\"0\">Ubicaci\u00f3n:<\/b> Colegio de Contadores del Guayas y del Ecuador (Av. Democracia y Sufragio Libre \u2013 Atarazana)<\/p>\n<\/li>\n<li>\n<p data-path-to-node=\"24,4,0\"><b data-path-to-node=\"24,4,0\" data-index-in-node=\"0\">Inversi\u00f3n:<\/b> $30,00 (incluye certificado)<\/p>\n<\/li>\n<\/ul>\n<p data-path-to-node=\"25\"><b data-path-to-node=\"25\" data-index-in-node=\"0\">Contenido del Curso:<\/b><\/p>\n<ul data-path-to-node=\"26\">\n<li>\n<p data-path-to-node=\"26,0,0\">Uso de la voz y expresi\u00f3n corporal<\/p>\n<\/li>\n<li>\n<p data-path-to-node=\"26,1,0\">Estrategias para vencer el miedo esc\u00e9nico<\/p>\n<\/li>\n<li>\n<p data-path-to-node=\"26,2,0\">Fundamentos de la argumentaci\u00f3n<\/p>\n<\/li>\n<li>\n<p data-path-to-node=\"26,3,0\">El arte de hablar en p\u00fablico<\/p>\n<\/li>\n<li>\n<p data-path-to-node=\"26,4,0\">Estructura y preparaci\u00f3n del discurso<\/p>\n<\/li>\n<\/ul>\n<p data-path-to-node=\"27\"><b data-path-to-node=\"27\" data-index-in-node=\"0\">P\u00fablico Objetivo:<\/b> Ideal para estudiantes de Derecho, Comunicaci\u00f3n Social, Criminal\u00edstica, abogados j\u00f3venes y cualquier persona interesada en mejorar sus competencias comunicativas.<\/p>\n<p data-path-to-node=\"28\"><b data-path-to-node=\"28\" data-index-in-node=\"0\">Inscripciones:<\/b> Realiza tu pago v\u00eda transferencia al Banco Guayaquil (Cta. Ahorros #0042544200 a nombre de Moyra Troya V., C.I. 0921283339, moyratroya@hotmail.com) y confirma tu cupo al <b data-path-to-node=\"28\" data-index-in-node=\"185\">0985245294<\/b> (Ab. Stalin Naranjo).<\/p>\n","protected":false},"excerpt":{"rendered":"<p>Desarrolla tus habilidades de comunicaci\u00f3n, supera el temor a hablar en p\u00fablico y aprende t\u00e9cnicas efectivas de argumentaci\u00f3n y debate. Este programa te\u00f3rico-pr\u00e1ctico est\u00e1 dise\u00f1ado para brindarte las herramientas clave que transformar\u00e1n tu presencia esc\u00e9nica y tu capacidad de persuasi\u00f3n. Inicio: 12 de septiembre de 2026 Duraci\u00f3n: 5 sesiones semanales Horario: S\u00e1bados de 14h30 a [&hellip;]<\/p>\n","protected":false},"author":1,"featured_media":13638,"comment_status":"open","ping_status":"closed","sticky":false,"template":"","format":"standard","meta":{"footnotes":""},"categories":[52,30,24,28],"tags":[],"class_list":["post-13637","post","type-post","status-publish","format-standard","has-post-thumbnail","hentry","category-economia","category-entrevista","category-nacional","category-noticias"],"_links":{"self":[{"href":"https:\/\/lifefm.ec\/index.php\/wp-json\/wp\/v2\/posts\/13637","targetHints":{"allow":["GET"]}}],"collection":[{"href":"https:\/\/lifefm.ec\/index.php\/wp-json\/wp\/v2\/posts"}],"about":[{"href":"https:\/\/lifefm.ec\/index.php\/wp-json\/wp\/v2\/types\/post"}],"author":[{"embeddable":true,"href":"https:\/\/lifefm.ec\/index.php\/wp-json\/wp\/v2\/users\/1"}],"replies":[{"embeddable":true,"href":"https:\/\/lifefm.ec\/index.php\/wp-json\/wp\/v2\/comments?post=13637"}],"version-history":[{"count":1,"href":"https:\/\/lifefm.ec\/index.php\/wp-json\/wp\/v2\/posts\/13637\/revisions"}],"predecessor-version":[{"id":13639,"href":"https:\/\/lifefm.ec\/index.php\/wp-json\/wp\/v2\/posts\/13637\/revisions\/13639"}],"wp:featuredmedia":[{"embeddable":true,"href":"https:\/\/lifefm.ec\/index.php\/wp-json\/wp\/v2\/media\/13638"}],"wp:attachment":[{"href":"https:\/\/lifefm.ec\/index.php\/wp-json\/wp\/v2\/media?parent=13637"}],"wp:term":[{"taxonomy":"category","embeddable":true,"href":"https:\/\/lifefm.ec\/index.php\/wp-json\/wp\/v2\/categories?post=13637"},{"taxonomy":"post_tag","embeddable":true,"href":"https:\/\/lifefm.ec\/index.php\/wp-json\/wp\/v2\/tags?post=13637"}],"curies":[{"name":"wp","href":"https:\/\/api.w.org\/{rel}","templated":true}]}}