{"id":13633,"date":"2026-09-01T14:57:47","date_gmt":"2026-09-01T19:57:47","guid":{"rendered":"https:\/\/lifefm.ec\/?p=13633"},"modified":"2026-09-01T14:57:47","modified_gmt":"2026-09-01T19:57:47","slug":"la-fotografia-llega-a-quito-expo-felifa-2026-prepara-una-gran-fiesta-visual","status":"publish","type":"post","link":"https:\/\/lifefm.ec\/index.php\/2026\/09\/01\/la-fotografia-llega-a-quito-expo-felifa-2026-prepara-una-gran-fiesta-visual\/","title":{"rendered":"\u00a1LA FOTOGRAF\u00cdA LLEGA A QUITO! EXPO FELIFA 2026 PREPARA UNA GRAN FIESTA VISUAL"},"content":{"rendered":"<p class=\"prose-text\" data-mrf-recirculation=\"Links article\">La Asociaci\u00f3n de Fot\u00f3grafos Ecuatorianos (AFE) y Catarsis Editorial organizan la Expo Felifa 2026, Festival de Libros de Fotograf\u00eda y Artes Gr\u00e1ficas, en la Pontificia Universidad Cat\u00f3lica del Ecuador (PUCE), en Quito.<\/p>\n<p class=\"prose-text\" data-mrf-recirculation=\"Links article\">Durante tres d\u00edas: 10, 11 y 12 de septiembre de 2026, el p\u00fablico podr\u00e1 participar, con entrada libre, a la programaci\u00f3n que incluye exposici\u00f3n, feria, conversatorios, talleres y revisi\u00f3n de maquetas, en el auditorio de la Facultad de Arquitectura, Dise\u00f1o y Artes de la PUCE.<\/p>\n<p class=\"prose-text\" data-mrf-recirculation=\"Links article\">El festival presenta una selecci\u00f3n de publicaciones vinculadas al Premio Internacional Felifa y abre un espacio de reflexi\u00f3n sobre la diversidad de narrativas visuales para fot\u00f3grafos, artistas, editores, dise\u00f1adores, estudiantes y p\u00fablico con intereses en la fotograf\u00eda y publicaciones independientes.<\/p>\n<p class=\"prose-text\" data-mrf-recirculation=\"Links article\">La exposici\u00f3n que congrega a expositores como Catarsis Editorial, Blanca Editorial, Polylepsis, Atelier UIO y Film Forever \u2014con el patrocinio de Sony, Spacio Cultural y PUCE TEC\u2014 busca fortalecer el intercambio y consumo de libros de fotograf\u00eda, y abrir un espacio de di\u00e1logo entre quienes producen, editan, dise\u00f1an, estudian y leen narrativas visuales.<\/p>\n<p class=\"prose-text\" data-mrf-recirculation=\"Links article\">En ese mismo espacio, se presentan actividades educativas y visitas guiadas por la muestra itinerante de la colecci\u00f3n de los libros que resultaron ganadores y finalistas del Premio Felifa 2025.<\/p>\n<div class=\"RawHtml | space-y-2\">\n<div class=\"text-base max-w-full\">\n<div id=\"active-campaing-form-marcador\">En la feria de fotolibros la fot\u00f3grafa argentina Laura Lavergne dedicar\u00e1 un segmento a la revisi\u00f3n de maquetas, charlas sobre edici\u00f3n, curadur\u00eda y encuadernaci\u00f3n.<\/div>\n<div>\n<p class=\"prose-text\" data-mrf-recirculation=\"Links article\">La agenda tambi\u00e9n propone un acercamiento a la historia de la fotograf\u00eda en los Andes y a distintas formas de construir, conservar y presentar una publicaci\u00f3n fotogr\u00e1fica.<\/p>\n<p class=\"prose-text\" data-mrf-recirculation=\"Links article\">Es la segunda ocasi\u00f3n que la Expo Itinerante del Premio Felifa llega a Quito. Desde 2002 ha ejecutado 19 ediciones en pa\u00edses como Argentina, Brasil, Per\u00fa, Uruguay, Paraguay, Guatemala y M\u00e9xico.<\/p>\n<p class=\"prose-text\" data-mrf-recirculation=\"Links article\">El encuentro en Quito busca fortalecer el intercambio alrededor de libros de fotograf\u00eda y generar un espacio de di\u00e1logo entre quienes producen, editan, dise\u00f1an, estudian y leen narrativas visuales.<\/p>\n<p data-mrf-recirculation=\"Links article\">F: El Universo<\/p>\n<\/div>\n<\/div>\n<\/div>\n","protected":false},"excerpt":{"rendered":"<p>La Asociaci\u00f3n de Fot\u00f3grafos Ecuatorianos (AFE) y Catarsis Editorial organizan la Expo Felifa 2026, Festival de Libros de Fotograf\u00eda y Artes Gr\u00e1ficas, en la Pontificia Universidad Cat\u00f3lica del Ecuador (PUCE), en Quito. Durante tres d\u00edas: 10, 11 y 12 de septiembre de 2026, el p\u00fablico podr\u00e1 participar, con entrada libre, a la programaci\u00f3n que incluye [&hellip;]<\/p>\n","protected":false},"author":1,"featured_media":13634,"comment_status":"open","ping_status":"closed","sticky":false,"template":"","format":"standard","meta":{"footnotes":""},"categories":[52,30,24,28],"tags":[],"class_list":["post-13633","post","type-post","status-publish","format-standard","has-post-thumbnail","hentry","category-economia","category-entrevista","category-nacional","category-noticias"],"_links":{"self":[{"href":"https:\/\/lifefm.ec\/index.php\/wp-json\/wp\/v2\/posts\/13633","targetHints":{"allow":["GET"]}}],"collection":[{"href":"https:\/\/lifefm.ec\/index.php\/wp-json\/wp\/v2\/posts"}],"about":[{"href":"https:\/\/lifefm.ec\/index.php\/wp-json\/wp\/v2\/types\/post"}],"author":[{"embeddable":true,"href":"https:\/\/lifefm.ec\/index.php\/wp-json\/wp\/v2\/users\/1"}],"replies":[{"embeddable":true,"href":"https:\/\/lifefm.ec\/index.php\/wp-json\/wp\/v2\/comments?post=13633"}],"version-history":[{"count":1,"href":"https:\/\/lifefm.ec\/index.php\/wp-json\/wp\/v2\/posts\/13633\/revisions"}],"predecessor-version":[{"id":13635,"href":"https:\/\/lifefm.ec\/index.php\/wp-json\/wp\/v2\/posts\/13633\/revisions\/13635"}],"wp:featuredmedia":[{"embeddable":true,"href":"https:\/\/lifefm.ec\/index.php\/wp-json\/wp\/v2\/media\/13634"}],"wp:attachment":[{"href":"https:\/\/lifefm.ec\/index.php\/wp-json\/wp\/v2\/media?parent=13633"}],"wp:term":[{"taxonomy":"category","embeddable":true,"href":"https:\/\/lifefm.ec\/index.php\/wp-json\/wp\/v2\/categories?post=13633"},{"taxonomy":"post_tag","embeddable":true,"href":"https:\/\/lifefm.ec\/index.php\/wp-json\/wp\/v2\/tags?post=13633"}],"curies":[{"name":"wp","href":"https:\/\/api.w.org\/{rel}","templated":true}]}}