{"id":1145,"date":"2023-01-03T10:07:04","date_gmt":"2023-01-03T15:07:04","guid":{"rendered":"https:\/\/lifefm.ec\/?p=1145"},"modified":"2023-01-03T10:07:22","modified_gmt":"2023-01-03T15:07:22","slug":"la-campana-para-las-elecciones-seccionales-2023-se-inicia-este-03-de-enero","status":"publish","type":"post","link":"https:\/\/lifefm.ec\/index.php\/2023\/01\/03\/la-campana-para-las-elecciones-seccionales-2023-se-inicia-este-03-de-enero\/","title":{"rendered":"LA CAMPA\u00d1A PARA LAS ELECCIONES SECCIONALES 2023 SE INICIA ESTE 03 DE ENERO"},"content":{"rendered":"\n<figure class=\"wp-block-image size-large\"><img fetchpriority=\"high\" decoding=\"async\" width=\"988\" height=\"1024\" src=\"https:\/\/lifefm.ec\/wp-content\/uploads\/2023\/01\/png_20230103_100244_0000-1-988x1024.png\" alt=\"\" class=\"wp-image-1143\" srcset=\"https:\/\/lifefm.ec\/wp-content\/uploads\/2023\/01\/png_20230103_100244_0000-1-988x1024.png 988w, https:\/\/lifefm.ec\/wp-content\/uploads\/2023\/01\/png_20230103_100244_0000-1-289x300.png 289w, https:\/\/lifefm.ec\/wp-content\/uploads\/2023\/01\/png_20230103_100244_0000-1-768x796.png 768w, https:\/\/lifefm.ec\/wp-content\/uploads\/2023\/01\/png_20230103_100244_0000-1-1482x1536.png 1482w, https:\/\/lifefm.ec\/wp-content\/uploads\/2023\/01\/png_20230103_100244_0000-1-600x622.png 600w, https:\/\/lifefm.ec\/wp-content\/uploads\/2023\/01\/png_20230103_100244_0000-1.png 1976w\" sizes=\"(max-width: 988px) 100vw, 988px\" \/><\/figure>\n\n\n\n<p>Aunque los candidatos a las elecciones seccionales iniciaron su campa\u00f1a meses atr\u00e1s, el calendario electoral se\u00f1ala que desde el 3 de enero del 2023 arrancan los 30 d\u00edas en los que formalmente podr\u00e1n hacer proselitismo pol\u00edtico. Tres antecedentes marcan el inicio de este \u00faltimo paso antes de las votaciones del pr\u00f3ximo 5 de febrero. <br><br>Hasta el 31 de diciembre del 2022, el Consejo Nacional Electoral (CNE) no ha dicho oficialmente cu\u00e1ntos candidatos correr\u00e1n por una de las 5 660 dignidades en disputa. Solamente ha se\u00f1alado que, tantos los perfiles como los planes de trabajo de los postulantes ya est\u00e1n disponibles en su sitio web. <br><br>El jueves 29 de diciembre del 2022, el Pleno del Consejo Nacional Electoral determin\u00f3 el fondo de promoci\u00f3n electoral, tanto para las elecciones seccionales como para la Consulta Popular que impulsa el Gobierno Nacional. Sin especificar una cifra, el CNE aprob\u00f3 dicha determinaci\u00f3n para las candidaturas a Prefectos, Alcaldes, Concejales y miembros de Juntas Parroquiales. <br><br>En el caso del Refer\u00e9ndum, para cuya campa\u00f1a est\u00e1n habilitadas seis organizaciones, entre ellas el oficialista Creo y la oposici\u00f3n corre\u00edsta, se defini\u00f3 el valor de USD 807 002,82 m\u00e1s IVA.  <br><br>\u00bfQu\u00e9 es este fondo? Es el monto exclusivo de financiamiento estatal con el que contar\u00e1n los sujetos pol\u00edticos para la contrataci\u00f3n de la publicidad electoral en prensa escrita, radio, televisi\u00f3n, vallas publicitarias y medios digitales, durante la campa\u00f1a electoral.<\/p>\n","protected":false},"excerpt":{"rendered":"<p>Aunque los candidatos a las elecciones seccionales iniciaron su campa\u00f1a meses atr\u00e1s, el calendario electoral se\u00f1ala que desde el 3 de enero del 2023 arrancan los 30 d\u00edas en los que formalmente podr\u00e1n hacer proselitismo pol\u00edtico. Tres antecedentes marcan el inicio de este \u00faltimo paso antes de las votaciones del pr\u00f3ximo 5 de febrero. Hasta [&hellip;]<\/p>\n","protected":false},"author":1,"featured_media":1143,"comment_status":"open","ping_status":"closed","sticky":false,"template":"","format":"standard","meta":{"footnotes":""},"categories":[1],"tags":[],"class_list":["post-1145","post","type-post","status-publish","format-standard","has-post-thumbnail","hentry","category-otras"],"_links":{"self":[{"href":"https:\/\/lifefm.ec\/index.php\/wp-json\/wp\/v2\/posts\/1145","targetHints":{"allow":["GET"]}}],"collection":[{"href":"https:\/\/lifefm.ec\/index.php\/wp-json\/wp\/v2\/posts"}],"about":[{"href":"https:\/\/lifefm.ec\/index.php\/wp-json\/wp\/v2\/types\/post"}],"author":[{"embeddable":true,"href":"https:\/\/lifefm.ec\/index.php\/wp-json\/wp\/v2\/users\/1"}],"replies":[{"embeddable":true,"href":"https:\/\/lifefm.ec\/index.php\/wp-json\/wp\/v2\/comments?post=1145"}],"version-history":[{"count":1,"href":"https:\/\/lifefm.ec\/index.php\/wp-json\/wp\/v2\/posts\/1145\/revisions"}],"predecessor-version":[{"id":1146,"href":"https:\/\/lifefm.ec\/index.php\/wp-json\/wp\/v2\/posts\/1145\/revisions\/1146"}],"wp:featuredmedia":[{"embeddable":true,"href":"https:\/\/lifefm.ec\/index.php\/wp-json\/wp\/v2\/media\/1143"}],"wp:attachment":[{"href":"https:\/\/lifefm.ec\/index.php\/wp-json\/wp\/v2\/media?parent=1145"}],"wp:term":[{"taxonomy":"category","embeddable":true,"href":"https:\/\/lifefm.ec\/index.php\/wp-json\/wp\/v2\/categories?post=1145"},{"taxonomy":"post_tag","embeddable":true,"href":"https:\/\/lifefm.ec\/index.php\/wp-json\/wp\/v2\/tags?post=1145"}],"curies":[{"name":"wp","href":"https:\/\/api.w.org\/{rel}","templated":true}]}}