{"id":1119,"date":"2023-01-02T12:05:15","date_gmt":"2023-01-02T17:05:15","guid":{"rendered":"https:\/\/lifefm.ec\/?p=1119"},"modified":"2023-01-02T12:05:28","modified_gmt":"2023-01-02T17:05:28","slug":"las-tragedias-no-faltaron-en-el-fin-de-ano-sicarios-no-dieron-tregua","status":"publish","type":"post","link":"https:\/\/lifefm.ec\/index.php\/2023\/01\/02\/las-tragedias-no-faltaron-en-el-fin-de-ano-sicarios-no-dieron-tregua\/","title":{"rendered":"LAS TRAGEDIAS NO FALTARON EN EL FIN DE A\u00d1O, SICARIOS NO DIERON TREGUA"},"content":{"rendered":"\n<figure class=\"wp-block-image size-large\"><img fetchpriority=\"high\" decoding=\"async\" width=\"988\" height=\"1024\" src=\"https:\/\/lifefm.ec\/wp-content\/uploads\/2023\/01\/png_20230102_120408_0000-988x1024.png\" alt=\"\" class=\"wp-image-1118\" srcset=\"https:\/\/lifefm.ec\/wp-content\/uploads\/2023\/01\/png_20230102_120408_0000-988x1024.png 988w, https:\/\/lifefm.ec\/wp-content\/uploads\/2023\/01\/png_20230102_120408_0000-289x300.png 289w, https:\/\/lifefm.ec\/wp-content\/uploads\/2023\/01\/png_20230102_120408_0000-768x796.png 768w, https:\/\/lifefm.ec\/wp-content\/uploads\/2023\/01\/png_20230102_120408_0000-1482x1536.png 1482w, https:\/\/lifefm.ec\/wp-content\/uploads\/2023\/01\/png_20230102_120408_0000-600x622.png 600w, https:\/\/lifefm.ec\/wp-content\/uploads\/2023\/01\/png_20230102_120408_0000.png 1976w\" sizes=\"(max-width: 988px) 100vw, 988px\" \/><\/figure>\n\n\n\n<p>\ud83d\udd34#lifenoticias #lifefm| <br><br>La violencia dijo \u00abpresente\u00bb en Ecuador durante este fin de semana, fue as\u00ed que varias personas murieron a causa de hechos violentos durante los primeros minutos del a\u00f1o 2023.<br><br>Uno de los ataques al estilo sicariato se registr\u00f3  en el cooperativa  San Ignacio de Loyola, en Guayaquil, donde dos personas fueron asesinadas y ocho resultaron heridas.<br><br>Un peque\u00f1o de tan solo tres a\u00f1os de edad muri\u00f3 en este atentado criminal. Personal policial lleg\u00f3 al sitio del siniestro y recopil\u00f3 informaci\u00f3n de este ataque armado. Los heridos fueron trasladados a casas de salud de la ciudad.<br><br>El pasado 24 de diciembre,  hubo tres atentados en el Guasmo, en este lugar varias personas murieron.<br><br>Con estos sucesos se evidencia que no hay fecha ni horario en los que la violencia no se haga presente en el pa\u00eds.<br><br>#lifenoticias <br>#lifefm<\/p>\n","protected":false},"excerpt":{"rendered":"<p>\ud83d\udd34#lifenoticias #lifefm| La violencia dijo \u00abpresente\u00bb en Ecuador durante este fin de semana, fue as\u00ed que varias personas murieron a causa de hechos violentos durante los primeros minutos del a\u00f1o 2023. Uno de los ataques al estilo sicariato se registr\u00f3 en el cooperativa San Ignacio de Loyola, en Guayaquil, donde dos personas fueron asesinadas y [&hellip;]<\/p>\n","protected":false},"author":1,"featured_media":1118,"comment_status":"open","ping_status":"closed","sticky":false,"template":"","format":"standard","meta":{"footnotes":""},"categories":[1],"tags":[],"class_list":["post-1119","post","type-post","status-publish","format-standard","has-post-thumbnail","hentry","category-otras"],"_links":{"self":[{"href":"https:\/\/lifefm.ec\/index.php\/wp-json\/wp\/v2\/posts\/1119","targetHints":{"allow":["GET"]}}],"collection":[{"href":"https:\/\/lifefm.ec\/index.php\/wp-json\/wp\/v2\/posts"}],"about":[{"href":"https:\/\/lifefm.ec\/index.php\/wp-json\/wp\/v2\/types\/post"}],"author":[{"embeddable":true,"href":"https:\/\/lifefm.ec\/index.php\/wp-json\/wp\/v2\/users\/1"}],"replies":[{"embeddable":true,"href":"https:\/\/lifefm.ec\/index.php\/wp-json\/wp\/v2\/comments?post=1119"}],"version-history":[{"count":1,"href":"https:\/\/lifefm.ec\/index.php\/wp-json\/wp\/v2\/posts\/1119\/revisions"}],"predecessor-version":[{"id":1120,"href":"https:\/\/lifefm.ec\/index.php\/wp-json\/wp\/v2\/posts\/1119\/revisions\/1120"}],"wp:featuredmedia":[{"embeddable":true,"href":"https:\/\/lifefm.ec\/index.php\/wp-json\/wp\/v2\/media\/1118"}],"wp:attachment":[{"href":"https:\/\/lifefm.ec\/index.php\/wp-json\/wp\/v2\/media?parent=1119"}],"wp:term":[{"taxonomy":"category","embeddable":true,"href":"https:\/\/lifefm.ec\/index.php\/wp-json\/wp\/v2\/categories?post=1119"},{"taxonomy":"post_tag","embeddable":true,"href":"https:\/\/lifefm.ec\/index.php\/wp-json\/wp\/v2\/tags?post=1119"}],"curies":[{"name":"wp","href":"https:\/\/api.w.org\/{rel}","templated":true}]}}