{"id":1116,"date":"2022-12-30T16:38:31","date_gmt":"2022-12-30T21:38:31","guid":{"rendered":"https:\/\/lifefm.ec\/?p=1116"},"modified":"2022-12-30T16:38:33","modified_gmt":"2022-12-30T21:38:33","slug":"__trashed","status":"publish","type":"post","link":"https:\/\/lifefm.ec\/index.php\/2022\/12\/30\/__trashed\/","title":{"rendered":"LASSO VIAJAR\u00c1 A BRASIL PARA LA INVESTIDURA DE LULA DA SILVA"},"content":{"rendered":"\n<p>\ud83d\udd34#lifenoticias #lifeinternacional <br><br><br><br>El presidente Guillermo Lasso participar\u00e1 el pr\u00f3ximo domingo en la investidura del izquierdista Luiz In\u00e1cio Lula da Silva. En el decreto ejecutivo consta que Lasso y una comitiva de cinco personas, entre ellas el canciller Juan Carlos Holgu\u00edn y la primera dama, se ausentar\u00e1n del pa\u00eds entre el 1 y 2 de enero de 2023, para participar en la ceremonia de toma de posesi\u00f3n de Lula.<br><br>Adem\u00e1s de las autoridades, acompa\u00f1ar\u00e1n a Lasso el personal de seguridad de las Fuerzas Armadas y funcionarios de Protocolo y de Comunicaci\u00f3n de la Presidencia de la Rep\u00fablica.<br><br>No se conoce la agenda que el primer mandatario cumplir\u00e1 en Brasil. Pero en la v\u00edspera, Holgu\u00edn informaba que aprovechar\u00e1n la visita para reunirse con autoridades de M\u00e9xico y hablar sobre el acuerdo comercial pendiente.<\/p>\n\n\n\n<figure class=\"wp-block-image size-large\"><img fetchpriority=\"high\" decoding=\"async\" width=\"988\" height=\"1024\" src=\"https:\/\/lifefm.ec\/wp-content\/uploads\/2022\/12\/png_20221230_163329_0000-988x1024.png\" alt=\"\" class=\"wp-image-1115\" srcset=\"https:\/\/lifefm.ec\/wp-content\/uploads\/2022\/12\/png_20221230_163329_0000-988x1024.png 988w, https:\/\/lifefm.ec\/wp-content\/uploads\/2022\/12\/png_20221230_163329_0000-289x300.png 289w, https:\/\/lifefm.ec\/wp-content\/uploads\/2022\/12\/png_20221230_163329_0000-768x796.png 768w, https:\/\/lifefm.ec\/wp-content\/uploads\/2022\/12\/png_20221230_163329_0000-1482x1536.png 1482w, https:\/\/lifefm.ec\/wp-content\/uploads\/2022\/12\/png_20221230_163329_0000-600x622.png 600w, https:\/\/lifefm.ec\/wp-content\/uploads\/2022\/12\/png_20221230_163329_0000.png 1976w\" sizes=\"(max-width: 988px) 100vw, 988px\" \/><\/figure>\n\n\n\n<p> A la toma de posesi\u00f3n de Lula asistir\u00e1n al menos 17 jefes de Estado y de Gobierno, entre los que figuran el rey Felipe VI de Espa\u00f1a y altas autoridades de Bolivia, Colombia, Chile, Honduras, Paraguay, Uruguay, Alemania y Portugal, entre otras. El saliente mandatario de Brasil, Jair Bolsonaro, ser\u00eda el gran ausente de la ceremonia. <\/p>\n\n\n\n<p>Todo parece se\u00f1alar que viajar\u00e1 a Estados Unidos. Lasso mantuvo buenas relaciones con el Gobierno de Bolsonaro, impulsadas por la afinidad ideol\u00f3gica de ambos. Pero expresa su inter\u00e9s de seguir en esa senda con Lula.<\/p>\n","protected":false},"excerpt":{"rendered":"<p>\ud83d\udd34#lifenoticias #lifeinternacional El presidente Guillermo Lasso participar\u00e1 el pr\u00f3ximo domingo en la investidura del izquierdista Luiz In\u00e1cio Lula da Silva. En el decreto ejecutivo consta que Lasso y una comitiva de cinco personas, entre ellas el canciller Juan Carlos Holgu\u00edn y la primera dama, se ausentar\u00e1n del pa\u00eds entre el 1 y 2 de enero [&hellip;]<\/p>\n","protected":false},"author":1,"featured_media":1115,"comment_status":"open","ping_status":"closed","sticky":false,"template":"","format":"standard","meta":{"footnotes":""},"categories":[1],"tags":[],"class_list":["post-1116","post","type-post","status-publish","format-standard","has-post-thumbnail","hentry","category-otras"],"_links":{"self":[{"href":"https:\/\/lifefm.ec\/index.php\/wp-json\/wp\/v2\/posts\/1116","targetHints":{"allow":["GET"]}}],"collection":[{"href":"https:\/\/lifefm.ec\/index.php\/wp-json\/wp\/v2\/posts"}],"about":[{"href":"https:\/\/lifefm.ec\/index.php\/wp-json\/wp\/v2\/types\/post"}],"author":[{"embeddable":true,"href":"https:\/\/lifefm.ec\/index.php\/wp-json\/wp\/v2\/users\/1"}],"replies":[{"embeddable":true,"href":"https:\/\/lifefm.ec\/index.php\/wp-json\/wp\/v2\/comments?post=1116"}],"version-history":[{"count":1,"href":"https:\/\/lifefm.ec\/index.php\/wp-json\/wp\/v2\/posts\/1116\/revisions"}],"predecessor-version":[{"id":1117,"href":"https:\/\/lifefm.ec\/index.php\/wp-json\/wp\/v2\/posts\/1116\/revisions\/1117"}],"wp:featuredmedia":[{"embeddable":true,"href":"https:\/\/lifefm.ec\/index.php\/wp-json\/wp\/v2\/media\/1115"}],"wp:attachment":[{"href":"https:\/\/lifefm.ec\/index.php\/wp-json\/wp\/v2\/media?parent=1116"}],"wp:term":[{"taxonomy":"category","embeddable":true,"href":"https:\/\/lifefm.ec\/index.php\/wp-json\/wp\/v2\/categories?post=1116"},{"taxonomy":"post_tag","embeddable":true,"href":"https:\/\/lifefm.ec\/index.php\/wp-json\/wp\/v2\/tags?post=1116"}],"curies":[{"name":"wp","href":"https:\/\/api.w.org\/{rel}","templated":true}]}}