{"id":11155,"date":"2024-10-28T10:49:10","date_gmt":"2024-10-28T15:49:10","guid":{"rendered":"https:\/\/lifefm.ec\/?p=11155"},"modified":"2024-10-28T10:49:10","modified_gmt":"2024-10-28T15:49:10","slug":"cantante-ecuatoriano-patricio-lopez-obtiene-un-premio-en-san-remo-senior-con-el-tema-enamorado-de-la-vida","status":"publish","type":"post","link":"https:\/\/lifefm.ec\/index.php\/2024\/10\/28\/cantante-ecuatoriano-patricio-lopez-obtiene-un-premio-en-san-remo-senior-con-el-tema-enamorado-de-la-vida\/","title":{"rendered":"CANTANTE ECUATORIANO PATRICIO L\u00d3PEZ OBTIENE UN PREMIO EN SAN REMO S\u00c9NIOR CON EL TEMA \u2018ENAMORADO DE LA VIDA\u2019"},"content":{"rendered":"<blockquote><p>La canci\u00f3n fue compuesta y escrita por Enrique Izquieta, con arreglos de Gustavo Pacheco.<\/p>\n<p>El cantante, actor y productor musical Patricio L\u00f3pez represent\u00f3 a Ecuador en el Festival de la Canci\u00f3n de San Remo, versi\u00f3n s\u00e9nior, con <i>Enamorado de la vida<\/i>, cuya letra y m\u00fasica fueron creadas por<a href=\"https:\/\/www.eluniverso.com\/entretenimiento\/libros\/enrique-izquieta-el-hombre-que-a-sus-82-anos-cumple-el-sueno-de-escribir-un-libro-una-novela-policiaca-que-presenta-a-un-cinico-nota\/\" target=\"_blank\" rel=\"noopener\" data-mrf-link=\"https:\/\/www.eluniverso.com\/entretenimiento\/libros\/enrique-izquieta-el-hombre-que-a-sus-82-anos-cumple-el-sueno-de-escribir-un-libro-una-novela-policiaca-que-presenta-a-un-cinico-nota\/\"> el ecuatoriano Enrique Izquieta<\/a>, con arreglos del artista <a href=\"https:\/\/www.eluniverso.com\/entretenimiento\/gente\/gustavo-pacheco-nunca-tuve-miedo-de-morir-si-hubiera-muerto-lo-hacia-en-paz-nota\/\" target=\"_blank\" rel=\"noopener\" data-mrf-link=\"https:\/\/www.eluniverso.com\/entretenimiento\/gente\/gustavo-pacheco-nunca-tuve-miedo-de-morir-si-hubiera-muerto-lo-hacia-en-paz-nota\/\">Gustavo Pacheco.<\/a><\/p><\/blockquote>\n<p class=\"prose-text\" data-mrf-recirculation=\"Links article\">La competencia internacional, que se desarroll\u00f3 ayer en el Teatro del Casino de la ciudad de San Remo, en Italia, est\u00e1 dedicada a solistas y cantautores de 34 a\u00f1os en adelante.<\/p>\n<p class=\"prose-text\" data-mrf-recirculation=\"Links article\">\u201cClasifiqu\u00e9 a la final el s\u00e1bado, y esa misma noche se la hizo, y he quedado en segundo lugar. \u00a1Estoy feliz!\u201d, declar\u00f3 L\u00f3pez, quien tiene una trayectoria de m\u00e1s de 40 a\u00f1os en la industria musical. Es recordado por su interpretaci\u00f3n del tema principal de la telenovela de <i>Ecuavisa<\/i> de 1991 <i>Libres para amar<\/i>, en la que, adem\u00e1s, actu\u00f3.<\/p>\n<p>En sus historias de Instagram mostr\u00f3 el festejo junto a otras artistas que llegaron a la final: la italiana Cinzia Baccini y la espa\u00f1ola Sara Zamora.<\/p>\n<p>Su m\u00e1s reciente participaci\u00f3n art\u00edstica, antes de San Remo, ha sido en teatro, en el musical de Danzas Jazz <i>Legalmente rubia<\/i>, protagonizado por Mar Rend\u00f3n y dirigido por Jos\u00e9 Miguel Salem.<\/p>\n<p data-mrf-recirculation=\"Links article\"><i>Enamorado de la vida<\/i> fue grabado en el estudio nacional Osso Records, del productor Lenin Vargas, quien se apresur\u00f3 a felicitar al m\u00fasico incluso antes de saber del premio. \u201cEsta canci\u00f3n, grabada, mezclada y masterizada en nuestro estudio, es una muestra del talento ecuatoriano que ahora cruza fronteras\u201d, escribi\u00f3.<\/p>\n<p data-mrf-recirculation=\"Links article\">Ecuador tuvo otro representante en San Remo: el cuencano Walter Abril, seleccionado por <i>Se llama amor<\/i>,<i> <\/i>que interpret\u00f3 en la jornada del viernes 25 de octubre<\/p>\n<p data-mrf-recirculation=\"Links article\">F: EL UNIVERSO<\/p>\n<p data-mrf-recirculation=\"Links article\">#RadioLife #LifeFM #LifeNoticias #LifeEntretenimiento\u00a0#995<\/p>\n<p data-mrf-recirculation=\"Links article\">\n","protected":false},"excerpt":{"rendered":"<p>La canci\u00f3n fue compuesta y escrita por Enrique Izquieta, con arreglos de Gustavo Pacheco. El cantante, actor y productor musical Patricio L\u00f3pez represent\u00f3 a Ecuador en el Festival de la Canci\u00f3n de San Remo, versi\u00f3n s\u00e9nior, con Enamorado de la vida, cuya letra y m\u00fasica fueron creadas por el ecuatoriano Enrique Izquieta, con arreglos del [&hellip;]<\/p>\n","protected":false},"author":1,"featured_media":11160,"comment_status":"open","ping_status":"closed","sticky":false,"template":"","format":"standard","meta":{"footnotes":""},"categories":[26],"tags":[],"class_list":["post-11155","post","type-post","status-publish","format-standard","has-post-thumbnail","hentry","category-entretenimiento"],"_links":{"self":[{"href":"https:\/\/lifefm.ec\/index.php\/wp-json\/wp\/v2\/posts\/11155","targetHints":{"allow":["GET"]}}],"collection":[{"href":"https:\/\/lifefm.ec\/index.php\/wp-json\/wp\/v2\/posts"}],"about":[{"href":"https:\/\/lifefm.ec\/index.php\/wp-json\/wp\/v2\/types\/post"}],"author":[{"embeddable":true,"href":"https:\/\/lifefm.ec\/index.php\/wp-json\/wp\/v2\/users\/1"}],"replies":[{"embeddable":true,"href":"https:\/\/lifefm.ec\/index.php\/wp-json\/wp\/v2\/comments?post=11155"}],"version-history":[{"count":1,"href":"https:\/\/lifefm.ec\/index.php\/wp-json\/wp\/v2\/posts\/11155\/revisions"}],"predecessor-version":[{"id":11161,"href":"https:\/\/lifefm.ec\/index.php\/wp-json\/wp\/v2\/posts\/11155\/revisions\/11161"}],"wp:featuredmedia":[{"embeddable":true,"href":"https:\/\/lifefm.ec\/index.php\/wp-json\/wp\/v2\/media\/11160"}],"wp:attachment":[{"href":"https:\/\/lifefm.ec\/index.php\/wp-json\/wp\/v2\/media?parent=11155"}],"wp:term":[{"taxonomy":"category","embeddable":true,"href":"https:\/\/lifefm.ec\/index.php\/wp-json\/wp\/v2\/categories?post=11155"},{"taxonomy":"post_tag","embeddable":true,"href":"https:\/\/lifefm.ec\/index.php\/wp-json\/wp\/v2\/tags?post=11155"}],"curies":[{"name":"wp","href":"https:\/\/api.w.org\/{rel}","templated":true}]}}