{"id":1076,"date":"2022-12-27T16:23:39","date_gmt":"2022-12-27T21:23:39","guid":{"rendered":"https:\/\/lifefm.ec\/?p=1076"},"modified":"2022-12-27T16:23:57","modified_gmt":"2022-12-27T21:23:57","slug":"bus-perdio-pista-en-la-via-el-carmen-flavio-alfaro-el-accidente-deja-mas-de-14-heridos-y-tres-fallecidos-incluido-un-adolescente","status":"publish","type":"post","link":"https:\/\/lifefm.ec\/index.php\/2022\/12\/27\/bus-perdio-pista-en-la-via-el-carmen-flavio-alfaro-el-accidente-deja-mas-de-14-heridos-y-tres-fallecidos-incluido-un-adolescente\/","title":{"rendered":"BUS PERDI\u00d3 PISTA EN LA V\u00cdA EL CARMEN &#8211; FLAVIO ALFARO, EL ACCIDENTE DEJA M\u00c1S DE 14 HERIDOS Y TRES FALLECIDOS; INCLU\u00cdDO UN ADOLESCENTE <br><br>"},"content":{"rendered":"\n<figure class=\"wp-block-image size-large\"><img fetchpriority=\"high\" decoding=\"async\" width=\"980\" height=\"1024\" src=\"https:\/\/lifefm.ec\/wp-content\/uploads\/2022\/12\/png_20221227_162122_1-980x1024.png\" alt=\"\" class=\"wp-image-1075\" srcset=\"https:\/\/lifefm.ec\/wp-content\/uploads\/2022\/12\/png_20221227_162122_1-980x1024.png 980w, https:\/\/lifefm.ec\/wp-content\/uploads\/2022\/12\/png_20221227_162122_1-287x300.png 287w, https:\/\/lifefm.ec\/wp-content\/uploads\/2022\/12\/png_20221227_162122_1-768x803.png 768w, https:\/\/lifefm.ec\/wp-content\/uploads\/2022\/12\/png_20221227_162122_1-1470x1536.png 1470w, https:\/\/lifefm.ec\/wp-content\/uploads\/2022\/12\/png_20221227_162122_1-600x627.png 600w, https:\/\/lifefm.ec\/wp-content\/uploads\/2022\/12\/png_20221227_162122_1.png 1550w\" sizes=\"(max-width: 980px) 100vw, 980px\" \/><\/figure>\n\n\n\n<p>El bus perdi\u00f3 pista y se volvi\u00f3 a un costado de la v\u00eda El Carmen &#8211; Flavio Alfaro, al norte de la provincia de Manab\u00ed, las escenas desgarradoras que se presenciaron inclu\u00edan llanto, gritos, miradas al cielo preguntando el porqu\u00e9 de este final tan doloroso. <br><br><br>Del destrozado bus intentaban salir las personas heridas, entre llanto y a\u00fan en shock por lo ocurrido, no entend\u00edan c\u00f3mo todo sucedi\u00f3 tan r\u00e1pido, a su vez los que viajaban acompa\u00f1ados trataban de ver si ellos estaban heridos o si su suerte era otra. <br><br>En las fotograf\u00edas tomadas por quienes presenciaron el hecho, se observaban a personas heridas, incluso con sus extremidades desprendidas, otros que sacaban a las v\u00edctimas por las ventanas, lo m\u00e1s dif\u00edcil fue cuando se confirm\u00f3 la muerte de un menor de 14 a\u00f1os que viajaba en esa unidad de transporte, con \u00e9l dos personas m\u00e1s quedaron sin vida y 14 tienen heridas de gravedad. <br><br>Se realizan las investigaciones del caso que llen\u00f3 de sangre esta transitada v\u00eda de Manab\u00ed.<\/p>\n","protected":false},"excerpt":{"rendered":"<p>El bus perdi\u00f3 pista y se volvi\u00f3 a un costado de la v\u00eda El Carmen &#8211; Flavio Alfaro, al norte de la provincia de Manab\u00ed, las escenas desgarradoras que se presenciaron inclu\u00edan llanto, gritos, miradas al cielo preguntando el porqu\u00e9 de este final tan doloroso. Del destrozado bus intentaban salir las personas heridas, entre llanto [&hellip;]<\/p>\n","protected":false},"author":1,"featured_media":1075,"comment_status":"open","ping_status":"closed","sticky":false,"template":"","format":"standard","meta":{"footnotes":""},"categories":[1],"tags":[],"class_list":["post-1076","post","type-post","status-publish","format-standard","has-post-thumbnail","hentry","category-otras"],"_links":{"self":[{"href":"https:\/\/lifefm.ec\/index.php\/wp-json\/wp\/v2\/posts\/1076","targetHints":{"allow":["GET"]}}],"collection":[{"href":"https:\/\/lifefm.ec\/index.php\/wp-json\/wp\/v2\/posts"}],"about":[{"href":"https:\/\/lifefm.ec\/index.php\/wp-json\/wp\/v2\/types\/post"}],"author":[{"embeddable":true,"href":"https:\/\/lifefm.ec\/index.php\/wp-json\/wp\/v2\/users\/1"}],"replies":[{"embeddable":true,"href":"https:\/\/lifefm.ec\/index.php\/wp-json\/wp\/v2\/comments?post=1076"}],"version-history":[{"count":1,"href":"https:\/\/lifefm.ec\/index.php\/wp-json\/wp\/v2\/posts\/1076\/revisions"}],"predecessor-version":[{"id":1077,"href":"https:\/\/lifefm.ec\/index.php\/wp-json\/wp\/v2\/posts\/1076\/revisions\/1077"}],"wp:featuredmedia":[{"embeddable":true,"href":"https:\/\/lifefm.ec\/index.php\/wp-json\/wp\/v2\/media\/1075"}],"wp:attachment":[{"href":"https:\/\/lifefm.ec\/index.php\/wp-json\/wp\/v2\/media?parent=1076"}],"wp:term":[{"taxonomy":"category","embeddable":true,"href":"https:\/\/lifefm.ec\/index.php\/wp-json\/wp\/v2\/categories?post=1076"},{"taxonomy":"post_tag","embeddable":true,"href":"https:\/\/lifefm.ec\/index.php\/wp-json\/wp\/v2\/tags?post=1076"}],"curies":[{"name":"wp","href":"https:\/\/api.w.org\/{rel}","templated":true}]}}