{"id":1068,"date":"2022-12-27T09:08:03","date_gmt":"2022-12-27T14:08:03","guid":{"rendered":"https:\/\/lifefm.ec\/?p=1068"},"modified":"2022-12-27T09:08:09","modified_gmt":"2022-12-27T14:08:09","slug":"en-seis-dias-jhoa-chong-qui-asumira-prefectura-de-los-rios","status":"publish","type":"post","link":"https:\/\/lifefm.ec\/index.php\/2022\/12\/27\/en-seis-dias-jhoa-chong-qui-asumira-prefectura-de-los-rios\/","title":{"rendered":"EN SEIS D\u00cdAS JHOA CHONG-QUI ASUMIR\u00c1  PREFECTURA DE LOS R\u00cdOS"},"content":{"rendered":"\n<figure class=\"wp-block-image size-large\"><img fetchpriority=\"high\" decoding=\"async\" width=\"985\" height=\"1024\" src=\"https:\/\/lifefm.ec\/wp-content\/uploads\/2022\/12\/20221227_085918_1-985x1024.png\" alt=\"\" class=\"wp-image-1067\" srcset=\"https:\/\/lifefm.ec\/wp-content\/uploads\/2022\/12\/20221227_085918_1-985x1024.png 985w, https:\/\/lifefm.ec\/wp-content\/uploads\/2022\/12\/20221227_085918_1-289x300.png 289w, https:\/\/lifefm.ec\/wp-content\/uploads\/2022\/12\/20221227_085918_1-768x799.png 768w, https:\/\/lifefm.ec\/wp-content\/uploads\/2022\/12\/20221227_085918_1-1477x1536.png 1477w, https:\/\/lifefm.ec\/wp-content\/uploads\/2022\/12\/20221227_085918_1-600x624.png 600w, https:\/\/lifefm.ec\/wp-content\/uploads\/2022\/12\/20221227_085918_1.png 1558w\" sizes=\"(max-width: 985px) 100vw, 985px\" \/><\/figure>\n\n\n\n<p>\ud83d\udd34#lifenoticias| <br><br>A pocos d\u00edas de iniciar oficialmente la campa\u00f1a electoral, Jhoa Chong Qui , asumir\u00e1 el 2 de enero la Prefectura de la provincia de Los R\u00edos, debido a que en el acuerdo al C\u00f3digo de la Democracia ser\u00e1 la viceprefecta quien asuma este cargo, debido a la licencia que se acoger\u00e1 el actual Prefecto Jhonny Ter\u00e1n Salcedo para terciar por la reelecci\u00f3n. <br><br>Chon Qui,  marcar\u00e1 historia siendo la primera mujer prefecta en la provincia.<br><br>\u00abMi tierra verde tendr\u00e1 un antes y un despu\u00e9s, porque por primera vez despu\u00e9s de tantos a\u00f1os, tendr\u00e9 funciones, las mismas que, como siempre fue mi anhelo, ser\u00e1n en beneficio de toda la ciudadan\u00eda riosense.<br><br>\u00a1Qu\u00e9 tiemble la tierra cuando una PREFECTA levante la cabeza!\u00bb expres\u00f3 en redes sociales. <br><br>#lifenoticias #sintonizalavida #lifefm #life995<\/p>\n","protected":false},"excerpt":{"rendered":"<p>\ud83d\udd34#lifenoticias| A pocos d\u00edas de iniciar oficialmente la campa\u00f1a electoral, Jhoa Chong Qui , asumir\u00e1 el 2 de enero la Prefectura de la provincia de Los R\u00edos, debido a que en el acuerdo al C\u00f3digo de la Democracia ser\u00e1 la viceprefecta quien asuma este cargo, debido a la licencia que se acoger\u00e1 el actual Prefecto [&hellip;]<\/p>\n","protected":false},"author":1,"featured_media":1067,"comment_status":"open","ping_status":"closed","sticky":false,"template":"","format":"standard","meta":{"footnotes":""},"categories":[1],"tags":[],"class_list":["post-1068","post","type-post","status-publish","format-standard","has-post-thumbnail","hentry","category-otras"],"_links":{"self":[{"href":"https:\/\/lifefm.ec\/index.php\/wp-json\/wp\/v2\/posts\/1068","targetHints":{"allow":["GET"]}}],"collection":[{"href":"https:\/\/lifefm.ec\/index.php\/wp-json\/wp\/v2\/posts"}],"about":[{"href":"https:\/\/lifefm.ec\/index.php\/wp-json\/wp\/v2\/types\/post"}],"author":[{"embeddable":true,"href":"https:\/\/lifefm.ec\/index.php\/wp-json\/wp\/v2\/users\/1"}],"replies":[{"embeddable":true,"href":"https:\/\/lifefm.ec\/index.php\/wp-json\/wp\/v2\/comments?post=1068"}],"version-history":[{"count":1,"href":"https:\/\/lifefm.ec\/index.php\/wp-json\/wp\/v2\/posts\/1068\/revisions"}],"predecessor-version":[{"id":1069,"href":"https:\/\/lifefm.ec\/index.php\/wp-json\/wp\/v2\/posts\/1068\/revisions\/1069"}],"wp:featuredmedia":[{"embeddable":true,"href":"https:\/\/lifefm.ec\/index.php\/wp-json\/wp\/v2\/media\/1067"}],"wp:attachment":[{"href":"https:\/\/lifefm.ec\/index.php\/wp-json\/wp\/v2\/media?parent=1068"}],"wp:term":[{"taxonomy":"category","embeddable":true,"href":"https:\/\/lifefm.ec\/index.php\/wp-json\/wp\/v2\/categories?post=1068"},{"taxonomy":"post_tag","embeddable":true,"href":"https:\/\/lifefm.ec\/index.php\/wp-json\/wp\/v2\/tags?post=1068"}],"curies":[{"name":"wp","href":"https:\/\/api.w.org\/{rel}","templated":true}]}}