{"id":1065,"date":"2022-12-25T11:54:51","date_gmt":"2022-12-25T16:54:51","guid":{"rendered":"https:\/\/lifefm.ec\/?p=1065"},"modified":"2022-12-25T11:55:00","modified_gmt":"2022-12-25T16:55:00","slug":"joven-muere-en-accidente-en-la-via-el-triunfo-guayaquil","status":"publish","type":"post","link":"https:\/\/lifefm.ec\/index.php\/2022\/12\/25\/joven-muere-en-accidente-en-la-via-el-triunfo-guayaquil\/","title":{"rendered":"JOVEN MUERE EN ACCIDENTE EN LA V\u00cdA  EL TRIUNFO- GUAYAQUIL"},"content":{"rendered":"\n<p>\ud83d\udd34#lifenoticias| La joven Gabriela Ord\u00f3\u00f1ez Miranda, ser\u00eda la primera v\u00edctima producto del fuerte volcamiento que sufri\u00f3 el bus de la Cooperativa Santa Martha. Ella fue una de las pasajeras del micro. Seg\u00fan testigos la joven de 21 a\u00f1os ten\u00eda como destino la ciudad de  Guayaquil por el feriado de Navidad. Era estudiante del ITV.<br><br>#lifenoticias <br>#sintonizalavida<\/p>\n\n\n\n<figure class=\"wp-block-image size-large\"><img fetchpriority=\"high\" decoding=\"async\" width=\"979\" height=\"1024\" src=\"https:\/\/lifefm.ec\/wp-content\/uploads\/2022\/12\/20221225_115207_1-979x1024.png\" alt=\"\" class=\"wp-image-1064\" srcset=\"https:\/\/lifefm.ec\/wp-content\/uploads\/2022\/12\/20221225_115207_1-979x1024.png 979w, https:\/\/lifefm.ec\/wp-content\/uploads\/2022\/12\/20221225_115207_1-287x300.png 287w, https:\/\/lifefm.ec\/wp-content\/uploads\/2022\/12\/20221225_115207_1-768x803.png 768w, https:\/\/lifefm.ec\/wp-content\/uploads\/2022\/12\/20221225_115207_1-1469x1536.png 1469w, https:\/\/lifefm.ec\/wp-content\/uploads\/2022\/12\/20221225_115207_1-600x628.png 600w, https:\/\/lifefm.ec\/wp-content\/uploads\/2022\/12\/20221225_115207_1.png 1546w\" sizes=\"(max-width: 979px) 100vw, 979px\" \/><\/figure>\n","protected":false},"excerpt":{"rendered":"<p>\ud83d\udd34#lifenoticias| La joven Gabriela Ord\u00f3\u00f1ez Miranda, ser\u00eda la primera v\u00edctima producto del fuerte volcamiento que sufri\u00f3 el bus de la Cooperativa Santa Martha. Ella fue una de las pasajeras del micro. Seg\u00fan testigos la joven de 21 a\u00f1os ten\u00eda como destino la ciudad de Guayaquil por el feriado de Navidad. Era estudiante del ITV. #lifenoticias [&hellip;]<\/p>\n","protected":false},"author":1,"featured_media":1064,"comment_status":"open","ping_status":"closed","sticky":false,"template":"","format":"standard","meta":{"footnotes":""},"categories":[1],"tags":[],"class_list":["post-1065","post","type-post","status-publish","format-standard","has-post-thumbnail","hentry","category-otras"],"_links":{"self":[{"href":"https:\/\/lifefm.ec\/index.php\/wp-json\/wp\/v2\/posts\/1065","targetHints":{"allow":["GET"]}}],"collection":[{"href":"https:\/\/lifefm.ec\/index.php\/wp-json\/wp\/v2\/posts"}],"about":[{"href":"https:\/\/lifefm.ec\/index.php\/wp-json\/wp\/v2\/types\/post"}],"author":[{"embeddable":true,"href":"https:\/\/lifefm.ec\/index.php\/wp-json\/wp\/v2\/users\/1"}],"replies":[{"embeddable":true,"href":"https:\/\/lifefm.ec\/index.php\/wp-json\/wp\/v2\/comments?post=1065"}],"version-history":[{"count":1,"href":"https:\/\/lifefm.ec\/index.php\/wp-json\/wp\/v2\/posts\/1065\/revisions"}],"predecessor-version":[{"id":1066,"href":"https:\/\/lifefm.ec\/index.php\/wp-json\/wp\/v2\/posts\/1065\/revisions\/1066"}],"wp:featuredmedia":[{"embeddable":true,"href":"https:\/\/lifefm.ec\/index.php\/wp-json\/wp\/v2\/media\/1064"}],"wp:attachment":[{"href":"https:\/\/lifefm.ec\/index.php\/wp-json\/wp\/v2\/media?parent=1065"}],"wp:term":[{"taxonomy":"category","embeddable":true,"href":"https:\/\/lifefm.ec\/index.php\/wp-json\/wp\/v2\/categories?post=1065"},{"taxonomy":"post_tag","embeddable":true,"href":"https:\/\/lifefm.ec\/index.php\/wp-json\/wp\/v2\/tags?post=1065"}],"curies":[{"name":"wp","href":"https:\/\/api.w.org\/{rel}","templated":true}]}}