{"id":1062,"date":"2022-12-24T11:05:15","date_gmt":"2022-12-24T16:05:15","guid":{"rendered":"https:\/\/lifefm.ec\/?p=1062"},"modified":"2022-12-24T11:05:30","modified_gmt":"2022-12-24T16:05:30","slug":"10-mil-juguetes-que-alegraran-la-navidad-de-ninos-ventanenses","status":"publish","type":"post","link":"https:\/\/lifefm.ec\/index.php\/2022\/12\/24\/10-mil-juguetes-que-alegraran-la-navidad-de-ninos-ventanenses\/","title":{"rendered":"10 MIL JUGUETES QUE ALEGRAR\u00c1N LA NAVIDAD DE NI\u00d1OS VENTANENSES"},"content":{"rendered":"\n<p>Hoy se va a realizar la entrega de 10mil juguetes, esta es una iniciativa que lleva 43 a\u00f1os, mismos que han llenado de alegr\u00eda a miles de ni\u00f1os y ni\u00f1as del cant\u00f3n maicero de Los R\u00edos.  <br><br>Los juguetes han sido entregados a\u00f1o a a\u00f1o a ni\u00f1os de Ventanas, sus parroquias y recintos.<\/p>\n\n\n\n<figure class=\"wp-block-image size-large\"><img fetchpriority=\"high\" decoding=\"async\" width=\"986\" height=\"1024\" src=\"https:\/\/lifefm.ec\/wp-content\/uploads\/2022\/12\/png_20221224_110419_1-986x1024.png\" alt=\"\" class=\"wp-image-1061\" srcset=\"https:\/\/lifefm.ec\/wp-content\/uploads\/2022\/12\/png_20221224_110419_1-986x1024.png 986w, https:\/\/lifefm.ec\/wp-content\/uploads\/2022\/12\/png_20221224_110419_1-289x300.png 289w, https:\/\/lifefm.ec\/wp-content\/uploads\/2022\/12\/png_20221224_110419_1-768x798.png 768w, https:\/\/lifefm.ec\/wp-content\/uploads\/2022\/12\/png_20221224_110419_1-1479x1536.png 1479w, https:\/\/lifefm.ec\/wp-content\/uploads\/2022\/12\/png_20221224_110419_1-600x623.png 600w, https:\/\/lifefm.ec\/wp-content\/uploads\/2022\/12\/png_20221224_110419_1.png 1560w\" sizes=\"(max-width: 986px) 100vw, 986px\" \/><\/figure>\n","protected":false},"excerpt":{"rendered":"<p>Hoy se va a realizar la entrega de 10mil juguetes, esta es una iniciativa que lleva 43 a\u00f1os, mismos que han llenado de alegr\u00eda a miles de ni\u00f1os y ni\u00f1as del cant\u00f3n maicero de Los R\u00edos. Los juguetes han sido entregados a\u00f1o a a\u00f1o a ni\u00f1os de Ventanas, sus parroquias y recintos.<\/p>\n","protected":false},"author":1,"featured_media":1061,"comment_status":"open","ping_status":"closed","sticky":false,"template":"","format":"standard","meta":{"footnotes":""},"categories":[1],"tags":[],"class_list":["post-1062","post","type-post","status-publish","format-standard","has-post-thumbnail","hentry","category-otras"],"_links":{"self":[{"href":"https:\/\/lifefm.ec\/index.php\/wp-json\/wp\/v2\/posts\/1062","targetHints":{"allow":["GET"]}}],"collection":[{"href":"https:\/\/lifefm.ec\/index.php\/wp-json\/wp\/v2\/posts"}],"about":[{"href":"https:\/\/lifefm.ec\/index.php\/wp-json\/wp\/v2\/types\/post"}],"author":[{"embeddable":true,"href":"https:\/\/lifefm.ec\/index.php\/wp-json\/wp\/v2\/users\/1"}],"replies":[{"embeddable":true,"href":"https:\/\/lifefm.ec\/index.php\/wp-json\/wp\/v2\/comments?post=1062"}],"version-history":[{"count":1,"href":"https:\/\/lifefm.ec\/index.php\/wp-json\/wp\/v2\/posts\/1062\/revisions"}],"predecessor-version":[{"id":1063,"href":"https:\/\/lifefm.ec\/index.php\/wp-json\/wp\/v2\/posts\/1062\/revisions\/1063"}],"wp:featuredmedia":[{"embeddable":true,"href":"https:\/\/lifefm.ec\/index.php\/wp-json\/wp\/v2\/media\/1061"}],"wp:attachment":[{"href":"https:\/\/lifefm.ec\/index.php\/wp-json\/wp\/v2\/media?parent=1062"}],"wp:term":[{"taxonomy":"category","embeddable":true,"href":"https:\/\/lifefm.ec\/index.php\/wp-json\/wp\/v2\/categories?post=1062"},{"taxonomy":"post_tag","embeddable":true,"href":"https:\/\/lifefm.ec\/index.php\/wp-json\/wp\/v2\/tags?post=1062"}],"curies":[{"name":"wp","href":"https:\/\/api.w.org\/{rel}","templated":true}]}}