{"id":1044,"date":"2022-12-21T10:26:32","date_gmt":"2022-12-21T15:26:32","guid":{"rendered":"https:\/\/lifefm.ec\/?p=1044"},"modified":"2022-12-21T10:26:39","modified_gmt":"2022-12-21T15:26:39","slug":"vehiculo-cayo-al-abismo-en-la-via-aloag-santo-domingo-hay-dos-fallecido","status":"publish","type":"post","link":"https:\/\/lifefm.ec\/index.php\/2022\/12\/21\/vehiculo-cayo-al-abismo-en-la-via-aloag-santo-domingo-hay-dos-fallecido\/","title":{"rendered":"VEH\u00cdCULO CAY\u00d3 AL ABISMO EN LA V\u00cdA AL\u00d3AG &#8211; SANTO DOMINGO; HAY DOS FALLECIDO"},"content":{"rendered":"\n<figure class=\"wp-block-image size-large\"><img fetchpriority=\"high\" decoding=\"async\" width=\"1024\" height=\"1024\" src=\"https:\/\/lifefm.ec\/wp-content\/uploads\/2022\/12\/20221221_101852_0000-1024x1024.png\" alt=\"\" class=\"wp-image-1043\" srcset=\"https:\/\/lifefm.ec\/wp-content\/uploads\/2022\/12\/20221221_101852_0000-1024x1024.png 1024w, https:\/\/lifefm.ec\/wp-content\/uploads\/2022\/12\/20221221_101852_0000-300x300.png 300w, https:\/\/lifefm.ec\/wp-content\/uploads\/2022\/12\/20221221_101852_0000-150x150.png 150w, https:\/\/lifefm.ec\/wp-content\/uploads\/2022\/12\/20221221_101852_0000-768x768.png 768w, https:\/\/lifefm.ec\/wp-content\/uploads\/2022\/12\/20221221_101852_0000-1536x1536.png 1536w, https:\/\/lifefm.ec\/wp-content\/uploads\/2022\/12\/20221221_101852_0000.png 2048w, https:\/\/lifefm.ec\/wp-content\/uploads\/2022\/12\/20221221_101852_0000-600x600.png 600w, https:\/\/lifefm.ec\/wp-content\/uploads\/2022\/12\/20221221_101852_0000-100x100.png 100w\" sizes=\"(max-width: 1024px) 100vw, 1024px\" \/><\/figure>\n\n\n\n<p>\ud83d\udd34#lifenoticias| Un veh\u00edculo cay\u00f3 a un abismo de aproximadamente 100 metros de profundidad en el kil\u00f3metro 43 de la v\u00eda Al\u00f3ag -Santo Domingo, que une la provincia de Pichincha con la Costa ecuatoriana.<br><br>La alerta fue reportada al ECU 911 a las 17:09 de este martes 20 de diciembre del 2022. La entidad coordin\u00f3 la emergencia con el Cuerpo de Bomberos de Mej\u00eda y la Unidad de Rescate La Virgen del Gobierno Provincial de Pichincha.<br><br>En im\u00e1genes se aprecia que el veh\u00edculo qued\u00f3 varado en el medio del cauce de un r\u00edo. El cuerpo bomberil de Mej\u00eda descendi\u00f3 a la zona y confirm\u00f3 a EL COMERCIO que dos personas fallecieron.<br><br>Seg\u00fan informaci\u00f3n brindada por las unidades de primera respuesta en el sitio se produjo el cierre parcial de la v\u00eda Al\u00f3ag &#8211; Tandapi.<br><br>#lifenoticias #sintonizalavida<\/p>\n","protected":false},"excerpt":{"rendered":"<p>\ud83d\udd34#lifenoticias| Un veh\u00edculo cay\u00f3 a un abismo de aproximadamente 100 metros de profundidad en el kil\u00f3metro 43 de la v\u00eda Al\u00f3ag -Santo Domingo, que une la provincia de Pichincha con la Costa ecuatoriana. La alerta fue reportada al ECU 911 a las 17:09 de este martes 20 de diciembre del 2022. La entidad coordin\u00f3 la [&hellip;]<\/p>\n","protected":false},"author":1,"featured_media":1043,"comment_status":"open","ping_status":"closed","sticky":false,"template":"","format":"standard","meta":{"footnotes":""},"categories":[1],"tags":[],"class_list":["post-1044","post","type-post","status-publish","format-standard","has-post-thumbnail","hentry","category-otras"],"_links":{"self":[{"href":"https:\/\/lifefm.ec\/index.php\/wp-json\/wp\/v2\/posts\/1044","targetHints":{"allow":["GET"]}}],"collection":[{"href":"https:\/\/lifefm.ec\/index.php\/wp-json\/wp\/v2\/posts"}],"about":[{"href":"https:\/\/lifefm.ec\/index.php\/wp-json\/wp\/v2\/types\/post"}],"author":[{"embeddable":true,"href":"https:\/\/lifefm.ec\/index.php\/wp-json\/wp\/v2\/users\/1"}],"replies":[{"embeddable":true,"href":"https:\/\/lifefm.ec\/index.php\/wp-json\/wp\/v2\/comments?post=1044"}],"version-history":[{"count":1,"href":"https:\/\/lifefm.ec\/index.php\/wp-json\/wp\/v2\/posts\/1044\/revisions"}],"predecessor-version":[{"id":1045,"href":"https:\/\/lifefm.ec\/index.php\/wp-json\/wp\/v2\/posts\/1044\/revisions\/1045"}],"wp:featuredmedia":[{"embeddable":true,"href":"https:\/\/lifefm.ec\/index.php\/wp-json\/wp\/v2\/media\/1043"}],"wp:attachment":[{"href":"https:\/\/lifefm.ec\/index.php\/wp-json\/wp\/v2\/media?parent=1044"}],"wp:term":[{"taxonomy":"category","embeddable":true,"href":"https:\/\/lifefm.ec\/index.php\/wp-json\/wp\/v2\/categories?post=1044"},{"taxonomy":"post_tag","embeddable":true,"href":"https:\/\/lifefm.ec\/index.php\/wp-json\/wp\/v2\/tags?post=1044"}],"curies":[{"name":"wp","href":"https:\/\/api.w.org\/{rel}","templated":true}]}}